{"id":92226,"date":"2022-08-03T10:49:04","date_gmt":"2022-08-03T13:49:04","guid":{"rendered":"https:\/\/primicias2262.com\/?p=92226"},"modified":"2022-08-03T10:49:04","modified_gmt":"2022-08-03T13:49:04","slug":"la-segunda-etapa-de-actitud-solidaria-sera-este-sabado-con-la-colecta-de-juguetes","status":"publish","type":"post","link":"https:\/\/primicias2262.com\/noticias\/la-segunda-etapa-de-actitud-solidaria-sera-este-sabado-con-la-colecta-de-juguetes\/","title":{"rendered":"La segunda etapa de Actitud Solidaria ser\u00e1 este s\u00e1bado con la colecta de juguetes"},"content":{"rendered":"<p><strong>En el marco de la octava colecta anual de Actitud Solidaria, y en el mes de la ni\u00f1ez, este s\u00e1bado 6 de agosto en el Centro Vasco llega \u201cActitud Jugar\u201d, que colaborar\u00e1 con juguetes para 10 espacios de la ciudad.<\/strong><\/p>\n<p>La segunda etapa de la presente colecta centrar\u00e1 su objetivo en recolectar juguetes para el D\u00eda del Ni\u00f1o y desde Actitud Solidaria se\u00f1alaron que \u201cnos proponemos acompa\u00f1ar con juguetes a m\u00e1s de 1000 chicos\u201d.<\/p>\n<p>Nuevamente el punto de acopio ser\u00e1 el SUM del Centro Vasco, en Avenida 58 entre calles 65 y 67, donde la jornada est\u00e1 prevista a desarrollarse de 10 a 15, exclusivamente con juguetes, nuevos y usados en buen estado.<\/p>\n<p>Adem\u00e1s, desde Actitud Soidaria se aclar\u00f3 que \u201cpedimos que no envuelvan los juguetes para regalo, as\u00ed podremos identificarlos para su reparto\u201d.<\/p>\n<p>Con tu donaci\u00f3n, estar\u00e1s colaborando con diez espacios:<\/p>\n<ul>\n<li>Comedor Barrio Sur<\/li>\n<li>Comedor Barrio San Mart\u00edn<\/li>\n<li>Cec 803<\/li>\n<li>Cec 801<\/li>\n<li>Anexo 801<\/li>\n<li>Solidaridad En Marcha<\/li>\n<li>Comedor Mate Cocido<\/li>\n<li>Asociaci\u00f3n Yipuy<\/li>\n<li>Comedor Frutillitas<\/li>\n<li>Hogar Preciosa Semilla<\/li>\n<\/ul>\n<p>Durante la jornada, se realizar\u00e1 un programa de radio en vivo, en el cual vecinos, periodistas, y personalidades aportar\u00e1n lo suyo para canalizar la energ\u00eda solidaria de la gente que se acerque. Se podr\u00e1 escuchar por Estaci\u00f3n K2 96.3, K2 M\u00fasica 98.7, La 100 Necochea 98.5 y La Red 90.5.<\/p>\n","protected":false},"excerpt":{"rendered":"<p>En el marco de la octava colecta anual de Actitud Solidaria, y en el mes de la ni\u00f1ez, este s\u00e1bado 6 de agosto en el Centro Vasco llega \u201cActitud Jugar\u201d, que colaborar\u00e1 con juguetes para 10 espacios de la ciudad. La segunda etapa de la presente colecta centrar\u00e1 su objetivo en recolectar juguetes para el [&hellip;]<\/p>\n","protected":false},"author":3,"featured_media":91608,"comment_status":"closed","ping_status":"closed","sticky":false,"template":"","format":"standard","meta":{"footnotes":""},"categories":[3],"tags":[],"class_list":["post-92226","post","type-post","status-publish","format-standard","has-post-thumbnail","category-masnoticias"],"_links":{"self":[{"href":"https:\/\/primicias2262.com\/noticias\/wp-json\/wp\/v2\/posts\/92226","targetHints":{"allow":["GET"]}}],"collection":[{"href":"https:\/\/primicias2262.com\/noticias\/wp-json\/wp\/v2\/posts"}],"about":[{"href":"https:\/\/primicias2262.com\/noticias\/wp-json\/wp\/v2\/types\/post"}],"author":[{"embeddable":true,"href":"https:\/\/primicias2262.com\/noticias\/wp-json\/wp\/v2\/users\/3"}],"replies":[{"embeddable":true,"href":"https:\/\/primicias2262.com\/noticias\/wp-json\/wp\/v2\/comments?post=92226"}],"version-history":[{"count":0,"href":"https:\/\/primicias2262.com\/noticias\/wp-json\/wp\/v2\/posts\/92226\/revisions"}],"wp:attachment":[{"href":"https:\/\/primicias2262.com\/noticias\/wp-json\/wp\/v2\/media?parent=92226"}],"wp:term":[{"taxonomy":"category","embeddable":true,"href":"https:\/\/primicias2262.com\/noticias\/wp-json\/wp\/v2\/categories?post=92226"},{"taxonomy":"post_tag","embeddable":true,"href":"https:\/\/primicias2262.com\/noticias\/wp-json\/wp\/v2\/tags?post=92226"}],"curies":[{"name":"wp","href":"https:\/\/api.w.org\/{rel}","templated":true}]}}