{"id":92228,"date":"2022-08-03T10:53:39","date_gmt":"2022-08-03T13:53:39","guid":{"rendered":"https:\/\/primicias2262.com\/?p=92228"},"modified":"2022-08-03T10:53:39","modified_gmt":"2022-08-03T13:53:39","slug":"el-area-de-prevencion-municipal-cuenta-con-dos-modernas-camionetas-para-sectores-perifericos","status":"publish","type":"post","link":"https:\/\/primicias2262.com\/noticias\/el-area-de-prevencion-municipal-cuenta-con-dos-modernas-camionetas-para-sectores-perifericos\/","title":{"rendered":"El \u00e1rea de prevenci\u00f3n municipal cuenta con dos modernas camionetas para sectores perif\u00e9ricos"},"content":{"rendered":"<p><strong>Durante una breve ceremonia en las puertas de la Municipalidad encabezada por la secretaria de Gobierno, Gabriela G\u00f3ngora, se realiz\u00f3 la presentaci\u00f3n de dos modernas camionetas para prevenci\u00f3n ciudadana a desempe\u00f1arse en barrios alejados de Necochea y Quequ\u00e9n.<\/strong><\/p>\n<p>Junto a la funcionaria, estuvieron la directora de concesiones, Ver\u00f3nica Dones, e integrantes de las comisiones de los campings SUTEBA y ATSA, gremios a los que el Concejo Deliberante les extendi\u00f3 por 20 a\u00f1os la concesi\u00f3n de los predios, entregando como canon de entrada cada una de las licitaciones una camioneta cero kil\u00f3metro a la Municipalidad, que de esta manera recibi\u00f3 hoy un patrimonio estimado en 22 millones de pesos.<\/p>\n<p>Es por ello que durante la presentaci\u00f3n, G\u00f3ngora inform\u00f3 que \u201clos veh\u00edculos estar\u00e1n en el \u00e1rea de prevenci\u00f3n, tal como se aprob\u00f3 en el Concejo Deliberante con la concesi\u00f3n de 20 a\u00f1os a ATSA y SUTEBA, habiendo planteado nosotros que tanto uno como otro adelantaran el canon para poder adquirir estos veh\u00edculos que har\u00e1n prevenci\u00f3n en barrios como Villa Zabala, Villa del Deportista, Barrio Arce y Villa Florida; o en Bah\u00eda de los Vientos y Costa Bonita en Quequ\u00e9n\u201d.<\/p>\n<p><a href=\"https:\/\/primicias2262.com\/wp-content\/uploads\/2022\/08\/02-08-FOTO-nuevas-unidades2.jpeg\"><img loading=\"lazy\" decoding=\"async\" class=\"aligncenter size-large wp-image-92230\" src=\"https:\/\/primicias2262.com\/wp-content\/uploads\/2022\/08\/02-08-FOTO-nuevas-unidades2-1024x682.jpeg\" alt=\"\" width=\"696\" height=\"464\" \/><\/a><\/p>\n<p>\u201cComo Estado Municipal debemos aportar al tema de la seguridad, as\u00ed que estamos m\u00e1s que felices de ver reforzada la flota vehicular del municipio. Es una inversi\u00f3n muy importante y un aporte de las concesiones que hace al trabajo en conjunto y que vuelva al vecino la explotaci\u00f3n de estos predios\u201d, acot\u00f3 la secretaria de Gobierno.<\/p>\n<p>Asimismo, afirm\u00f3 que \u201cen materia de seguridad estamos convencidos de que todo es una inversi\u00f3n y de que Necochea necesita este trabajo en conjunto entre el privado y el p\u00fablico, porque hace a que agudicemos el ingenio como necochenses y que aboquemos y administremos de buena manera los recursos naturales y econ\u00f3micos\u201d.<\/p>\n<p><a href=\"https:\/\/primicias2262.com\/wp-content\/uploads\/2022\/08\/02-08-FOTO-nuevas-unidades4.jpeg\"><img loading=\"lazy\" decoding=\"async\" class=\"aligncenter size-large wp-image-92231\" src=\"https:\/\/primicias2262.com\/wp-content\/uploads\/2022\/08\/02-08-FOTO-nuevas-unidades4-1024x682.jpeg\" alt=\"\" width=\"696\" height=\"464\" \/><\/a><\/p>\n<p>Vale recordar que ante el vencimiento de las concesiones en cuesti\u00f3n, los mismos sindicatos solicitaron una nueva tenencia, y ante ese pedido desde la Secretar\u00eda de Gobierno se fij\u00f3 la cobertura de prevenci\u00f3n en distintas zonas, buscando as\u00ed una soluci\u00f3n conjunta para las necesidades de ambas partes, a partir de lo cual se solicit\u00f3 a los sindicatos un adelanto de canon equivalente al valor de las camionetas 4\u00d74 cero kil\u00f3metro.<\/p>\n","protected":false},"excerpt":{"rendered":"<p>Durante una breve ceremonia en las puertas de la Municipalidad encabezada por la secretaria de Gobierno, Gabriela G\u00f3ngora, se realiz\u00f3 la presentaci\u00f3n de dos modernas camionetas para prevenci\u00f3n ciudadana a desempe\u00f1arse en barrios alejados de Necochea y Quequ\u00e9n. Junto a la funcionaria, estuvieron la directora de concesiones, Ver\u00f3nica Dones, e integrantes de las comisiones de [&hellip;]<\/p>\n","protected":false},"author":3,"featured_media":92229,"comment_status":"closed","ping_status":"closed","sticky":false,"template":"","format":"standard","meta":{"footnotes":""},"categories":[3],"tags":[],"class_list":["post-92228","post","type-post","status-publish","format-standard","has-post-thumbnail","category-masnoticias"],"_links":{"self":[{"href":"https:\/\/primicias2262.com\/noticias\/wp-json\/wp\/v2\/posts\/92228","targetHints":{"allow":["GET"]}}],"collection":[{"href":"https:\/\/primicias2262.com\/noticias\/wp-json\/wp\/v2\/posts"}],"about":[{"href":"https:\/\/primicias2262.com\/noticias\/wp-json\/wp\/v2\/types\/post"}],"author":[{"embeddable":true,"href":"https:\/\/primicias2262.com\/noticias\/wp-json\/wp\/v2\/users\/3"}],"replies":[{"embeddable":true,"href":"https:\/\/primicias2262.com\/noticias\/wp-json\/wp\/v2\/comments?post=92228"}],"version-history":[{"count":0,"href":"https:\/\/primicias2262.com\/noticias\/wp-json\/wp\/v2\/posts\/92228\/revisions"}],"wp:attachment":[{"href":"https:\/\/primicias2262.com\/noticias\/wp-json\/wp\/v2\/media?parent=92228"}],"wp:term":[{"taxonomy":"category","embeddable":true,"href":"https:\/\/primicias2262.com\/noticias\/wp-json\/wp\/v2\/categories?post=92228"},{"taxonomy":"post_tag","embeddable":true,"href":"https:\/\/primicias2262.com\/noticias\/wp-json\/wp\/v2\/tags?post=92228"}],"curies":[{"name":"wp","href":"https:\/\/api.w.org\/{rel}","templated":true}]}}