{"id":92233,"date":"2022-08-03T11:06:52","date_gmt":"2022-08-03T14:06:52","guid":{"rendered":"https:\/\/primicias2262.com\/?p=92233"},"modified":"2022-08-03T11:06:52","modified_gmt":"2022-08-03T14:06:52","slug":"el-fin-de-semana-se-reanuda-el-futbol-local-con-la-ultima-fecha-de-la-primera-rueda","status":"publish","type":"post","link":"https:\/\/primicias2262.com\/noticias\/el-fin-de-semana-se-reanuda-el-futbol-local-con-la-ultima-fecha-de-la-primera-rueda\/","title":{"rendered":"El fin de semana se reanuda el f\u00fatbol local con la \u00faltima fecha de la primera rueda"},"content":{"rendered":"<p>Si bien hay pron\u00f3stico de lluvias aisladas tanto para s\u00e1bado como domingo en la ciudad, el consejo de la Liga Necochea de F\u00fatbol dio a conocer este mi\u00e9rcoles c\u00f3mo ser\u00e1 la programaci\u00f3n para la reanudaci\u00f3n del campeonato \u00abEmilio Jeder Resuene\u00bb, con la 15ta fecha, \u00faltima de la primera rueda de las zonas.<\/p>\n<p>El s\u00e1bado 5 habr\u00e1 tres adelantos, dos de los cuales se jugar\u00e1n en Necochea, mientras que el resto de la fecha se disputar\u00e1 el domingo. Como desde hace varias jornadas, los horarios variar\u00e1n entre las 15, 15.15 y 15.30, y en este caso tendr\u00e1 fecha libre el puntero de la zona B, Gimnasia y Esgrima.<\/p>\n<p><strong>As\u00ed se jugar\u00e1 la fecha en la reanudaci\u00f3n del f\u00fatbol local:\u00a0<\/strong><\/p>\n<p><a href=\"https:\/\/primicias2262.com\/wp-content\/uploads\/2022\/08\/WhatsApp-Image-2022-08-03-at-10.16.27-AM.jpeg\"><img loading=\"lazy\" decoding=\"async\" class=\"aligncenter size-large wp-image-92234\" src=\"https:\/\/primicias2262.com\/wp-content\/uploads\/2022\/08\/WhatsApp-Image-2022-08-03-at-10.16.27-AM-1024x1024.jpeg\" alt=\"\" width=\"696\" height=\"696\" \/><\/a><\/p>\n","protected":false},"excerpt":{"rendered":"<p>Si bien hay pron\u00f3stico de lluvias aisladas tanto para s\u00e1bado como domingo en la ciudad, el consejo de la Liga Necochea de F\u00fatbol dio a conocer este mi\u00e9rcoles c\u00f3mo ser\u00e1 la programaci\u00f3n para la reanudaci\u00f3n del campeonato \u00abEmilio Jeder Resuene\u00bb, con la 15ta fecha, \u00faltima de la primera rueda de las zonas. El s\u00e1bado 5 [&hellip;]<\/p>\n","protected":false},"author":3,"featured_media":89474,"comment_status":"closed","ping_status":"closed","sticky":false,"template":"","format":"standard","meta":{"footnotes":""},"categories":[3],"tags":[],"class_list":["post-92233","post","type-post","status-publish","format-standard","has-post-thumbnail","category-masnoticias"],"_links":{"self":[{"href":"https:\/\/primicias2262.com\/noticias\/wp-json\/wp\/v2\/posts\/92233","targetHints":{"allow":["GET"]}}],"collection":[{"href":"https:\/\/primicias2262.com\/noticias\/wp-json\/wp\/v2\/posts"}],"about":[{"href":"https:\/\/primicias2262.com\/noticias\/wp-json\/wp\/v2\/types\/post"}],"author":[{"embeddable":true,"href":"https:\/\/primicias2262.com\/noticias\/wp-json\/wp\/v2\/users\/3"}],"replies":[{"embeddable":true,"href":"https:\/\/primicias2262.com\/noticias\/wp-json\/wp\/v2\/comments?post=92233"}],"version-history":[{"count":0,"href":"https:\/\/primicias2262.com\/noticias\/wp-json\/wp\/v2\/posts\/92233\/revisions"}],"wp:attachment":[{"href":"https:\/\/primicias2262.com\/noticias\/wp-json\/wp\/v2\/media?parent=92233"}],"wp:term":[{"taxonomy":"category","embeddable":true,"href":"https:\/\/primicias2262.com\/noticias\/wp-json\/wp\/v2\/categories?post=92233"},{"taxonomy":"post_tag","embeddable":true,"href":"https:\/\/primicias2262.com\/noticias\/wp-json\/wp\/v2\/tags?post=92233"}],"curies":[{"name":"wp","href":"https:\/\/api.w.org\/{rel}","templated":true}]}}