{"id":92251,"date":"2022-08-03T15:17:11","date_gmt":"2022-08-03T18:17:11","guid":{"rendered":"https:\/\/primicias2262.com\/?p=92251"},"modified":"2022-08-03T15:17:11","modified_gmt":"2022-08-03T18:17:11","slug":"rojas-resalto-el-espiritu-de-lucha-de-los-quequenenses-en-el-168o-aniversario-de-la-ciudad","status":"publish","type":"post","link":"https:\/\/primicias2262.com\/noticias\/rojas-resalto-el-espiritu-de-lucha-de-los-quequenenses-en-el-168o-aniversario-de-la-ciudad\/","title":{"rendered":"Rojas resalt\u00f3 el esp\u00edritu de lucha de los quequenenses en el 168\u00ba Aniversario de la ciudad"},"content":{"rendered":"<p><strong>Este mi\u00e9rcoles 3 de agosto, Quequ\u00e9n cumple el 168\u00ba aniversario desde su fundaci\u00f3n, y el acto protocolar, encabezado por el intendente municipal Arturo Rojas, se llev\u00f3 a cabo en la Plaza de los Ni\u00f1os, frente a la Iglesia Nuestra Se\u00f1ora de la Merced, con la presencia de instituciones educativas, entidades intermedias, funcionarios, concejales y p\u00fablico en general.<\/strong><\/p>\n<p>A primer turno, se realiz\u00f3 una evocaci\u00f3n religiosa en dicha iglesia, para luego continuar en la plaza con la entrada de las banderas de ceremonia y la entonaci\u00f3n del Himno Nacional Argentino. Mientras que como corolario, se dirigieron palabras alusivas por parte del delegado municipal, Hern\u00e1n Rodr\u00edguez, el propio intendente y el director del Centro de Formaci\u00f3n Profesional N\u00ba 401, Gabriel Tucella, en representaci\u00f3n de los vecinos quequenenses.<\/p>\n<p>A su turno, el intendente Rojas hizo fuerte \u00e9nfasis en el trabajo en conjunto, al expresar que \u201ccomo comunidad podemos tener muchas diferencias en distintos temas, cada uno con su fundamento para pensar diferente al otro\u201d, pero \u201cno hay forma de que un intendente solo, por m\u00e1s respaldo popular que cuente con su equipo de gobierno, o un delegado por mayor compromiso que tenga por Quequ\u00e9n, puedan transformar una comunidad que tiene problemas estructurales de hace much\u00edsimos a\u00f1os\u201d.<\/p>\n<p><a href=\"https:\/\/primicias2262.com\/wp-content\/uploads\/2022\/08\/03-08-FOTO-Iglesia-Quequen2.jpeg\"><img loading=\"lazy\" decoding=\"async\" class=\"aligncenter size-large wp-image-92255\" src=\"https:\/\/primicias2262.com\/wp-content\/uploads\/2022\/08\/03-08-FOTO-Iglesia-Quequen2-1024x682.jpeg\" alt=\"\" width=\"696\" height=\"464\" \/><\/a><\/p>\n<p>Por ello, \u201cla forma de salir adelante en las problem\u00e1ticas que tenemos en la puerta de nuestras casas es trabajando en comunidad con las instituciones intermedias, con el Consorcio de Puerto Quequ\u00e9n, como lo venimos haciendo con el asfaltado de los accesos a las escuelas; o con la Usina Popular Cooperativa, para que cada vez la ciudad tenga mejor y m\u00e1s iluminaci\u00f3n\u201d, argument\u00f3.<\/p>\n<p>Asimismo, poder hacerlo \u201ccon el arco pol\u00edtico opositor, que en algunos temas podemos tener caminos diferentes, pero con di\u00e1logo y respeto nos podemos poner de acuerdo en las problem\u00e1ticas y dejar de lado las diferencias\u201d, acot\u00f3 Rojas, ejemplificando el convenio que se logr\u00f3 con el gobierno nacional para la Playa de Camiones, para lo que \u201cse trabaj\u00f3 en conjunto y sin mezquindades pol\u00edticas para firmar con Naci\u00f3n por importantes obras\u201d.<\/p>\n<p><a href=\"https:\/\/primicias2262.com\/wp-content\/uploads\/2022\/08\/03-08-FOTO-Arturo-Rojas-Quequen.jpeg\"><img loading=\"lazy\" decoding=\"async\" class=\"aligncenter size-large wp-image-92254\" src=\"https:\/\/primicias2262.com\/wp-content\/uploads\/2022\/08\/03-08-FOTO-Arturo-Rojas-Quequen-1024x682.jpeg\" alt=\"\" width=\"696\" height=\"464\" \/><\/a><\/p>\n<p>Acot\u00f3 al respecto que \u201chemos venido dando peque\u00f1os pasos para brindar m\u00e1s servicios a los diferentes barrios con obras esenciales como agua, cloaca e iluminaci\u00f3n, y lo hemos podido hacer con el aporte y acompa\u00f1amiento de la oposici\u00f3n, aunque sabemos que falta much\u00edsimo por hacer para seguir sacando la comunidad de Quequ\u00e9n adelante\u201d, poniendo como ejes a la educaci\u00f3n, el perfil tur\u00edstico, la producci\u00f3n y la agroexportaci\u00f3n, mediante el proyecto \u201cpara tener en alg\u00fan momento un parque industrial con empresas que elijan radicarse en la ciudad y generen trabajo genuino y de calidad\u201d.<\/p>\n<p>Finalmente, Rojas afirm\u00f3 que \u201cpuedo coincidir en parte y no coincidir en otra con diferentes reclamos que se dan de distintos sectores, pero lo que nunca voy a dejar de reconocer es el esp\u00edritu de lucha y el sentido de pertenencia que tienen los quequenenses, por una comunidad m\u00e1s pr\u00f3spera, justa, igualitaria y con m\u00e1s servicios, y que se les pueda devolver un poquito de lo tanto que se le ha sacado a esta querida localidad\u201d.<\/p>\n<p><a href=\"https:\/\/primicias2262.com\/wp-content\/uploads\/2022\/08\/03-08-FOTO-acto-Aniv-Quequen.jpeg\"><img loading=\"lazy\" decoding=\"async\" class=\"aligncenter size-large wp-image-92252\" src=\"https:\/\/primicias2262.com\/wp-content\/uploads\/2022\/08\/03-08-FOTO-acto-Aniv-Quequen-1024x682.jpeg\" alt=\"\" width=\"696\" height=\"464\" \/><\/a><\/p>\n<p>En cuanto a la parte festiva por los 168 a\u00f1os de Quequ\u00e9n, se recuerda que las celebraciones se realizar\u00e1n del viernes 5 al domingo 7 en la Plaza central \u201cHip\u00f3lito Yrigoyen\u201d, donde habr\u00e1 una gran variedad de artistas, puestos gastron\u00f3micos, stands de emprendedores y el cierre con un desfile c\u00edvico militar y el tradicional corte de la torta de cumplea\u00f1os.<\/p>\n<p>&nbsp;<\/p>\n","protected":false},"excerpt":{"rendered":"<p>Este mi\u00e9rcoles 3 de agosto, Quequ\u00e9n cumple el 168\u00ba aniversario desde su fundaci\u00f3n, y el acto protocolar, encabezado por el intendente municipal Arturo Rojas, se llev\u00f3 a cabo en la Plaza de los Ni\u00f1os, frente a la Iglesia Nuestra Se\u00f1ora de la Merced, con la presencia de instituciones educativas, entidades intermedias, funcionarios, concejales y p\u00fablico [&hellip;]<\/p>\n","protected":false},"author":3,"featured_media":92253,"comment_status":"closed","ping_status":"closed","sticky":false,"template":"","format":"standard","meta":{"footnotes":""},"categories":[3],"tags":[],"class_list":["post-92251","post","type-post","status-publish","format-standard","has-post-thumbnail","category-masnoticias"],"_links":{"self":[{"href":"https:\/\/primicias2262.com\/noticias\/wp-json\/wp\/v2\/posts\/92251","targetHints":{"allow":["GET"]}}],"collection":[{"href":"https:\/\/primicias2262.com\/noticias\/wp-json\/wp\/v2\/posts"}],"about":[{"href":"https:\/\/primicias2262.com\/noticias\/wp-json\/wp\/v2\/types\/post"}],"author":[{"embeddable":true,"href":"https:\/\/primicias2262.com\/noticias\/wp-json\/wp\/v2\/users\/3"}],"replies":[{"embeddable":true,"href":"https:\/\/primicias2262.com\/noticias\/wp-json\/wp\/v2\/comments?post=92251"}],"version-history":[{"count":0,"href":"https:\/\/primicias2262.com\/noticias\/wp-json\/wp\/v2\/posts\/92251\/revisions"}],"wp:attachment":[{"href":"https:\/\/primicias2262.com\/noticias\/wp-json\/wp\/v2\/media?parent=92251"}],"wp:term":[{"taxonomy":"category","embeddable":true,"href":"https:\/\/primicias2262.com\/noticias\/wp-json\/wp\/v2\/categories?post=92251"},{"taxonomy":"post_tag","embeddable":true,"href":"https:\/\/primicias2262.com\/noticias\/wp-json\/wp\/v2\/tags?post=92251"}],"curies":[{"name":"wp","href":"https:\/\/api.w.org\/{rel}","templated":true}]}}