{"id":92263,"date":"2022-08-04T12:44:26","date_gmt":"2022-08-04T15:44:26","guid":{"rendered":"https:\/\/primicias2262.com\/?p=92263"},"modified":"2022-08-04T12:44:26","modified_gmt":"2022-08-04T15:44:26","slug":"el-donante-claudio-ramon-y-su-yerno-esteban-se-encuentran-optimos-tras-el-trasplante-de-rinon","status":"publish","type":"post","link":"https:\/\/primicias2262.com\/noticias\/el-donante-claudio-ramon-y-su-yerno-esteban-se-encuentran-optimos-tras-el-trasplante-de-rinon\/","title":{"rendered":"El donante Claudio Ram\u00f3n y su yerno Esteban se encuentran \u00f3ptimos tras el trasplante de ri\u00f1\u00f3n"},"content":{"rendered":"<p>\u201cUno se siente orgulloso de hacer un acto as\u00ed, un d\u00eda tom\u00e9 la decisi\u00f3n y no se revoc\u00f3 para nada\u201d, expres\u00f3 muy emocionado el trabajador municipal de Guardaparques, Claudio Ram\u00f3n, desde Capital Federal, donde se encuentra internado, y confirm\u00f3 que el beneficiario del ri\u00f1\u00f3n, su yerno Esteban Ruiz de Azua, goza de muy buen estado de salud.<\/p>\n<p>Al ser consultado v\u00eda telef\u00f3nica por el periodista Jorge G\u00f3mez en la ma\u00f1ana de \u201cVoces de la Ciudad\u201d, Ram\u00f3n expres\u00f3 con voz quebrada que \u201cgracias a Dios hoy estoy bien, ayer con algunos dolores propios de una cirug\u00eda, pero hoy mejor\u201d, y hasta desliz\u00f3 una humorada: \u201cNo s\u00e9 si no se lo pido de vuelta el ri\u00f1\u00f3n a mi yerno, porque la verdad es que est\u00e1 excelente, sin dolores, anda caminando y con unas ganas de vivir tremenda\u201d.<\/p>\n<p>Vale destacar que Ruiz de Azua pas\u00f3 por un proceso de siete a\u00f1os de di\u00e1lisis, y desde hac\u00eda tres su suegro Claudio Ram\u00f3n hab\u00eda tomado la decisi\u00f3n de donarle su ri\u00f1\u00f3n. \u201cEsteban es un ser maravilloso, nos llevamos muy bien y me ha dado un nieto, Ramiro, que es lo m\u00e1s lindo. Mi hija se llama Soledad y mi esposa Elizabeth Tierranegra\u201d, expres\u00f3 el municipal de 55 a\u00f1os.<\/p>\n<p>El trasplante de Ruiz de Azua, de 38 a\u00f1os, se realiz\u00f3 en el sanatorio Sagrado Coraz\u00f3n de Capital Federal, desde donde Ram\u00f3n valor\u00f3 que \u201cla atenci\u00f3n fue excelente de todo el equipo\u201d, y revel\u00f3: \u201cHace tres a\u00f1os que est\u00e1bamos con esto, pero ten\u00edamos que conseguir un recurso de amparo, si no nos autorizaban, ya que no soy familiar directo a pesar de mi nieto. As\u00ed que el Dr. Fuentes Ben\u00edtez nos hizo todo el tr\u00e1mite para poder iniciar todo y este a\u00f1o se logr\u00f3 la autorizaci\u00f3n del juez\u201d.<\/p>\n<p>A t\u00edtulo personal, \u201cla decisi\u00f3n yo ya la ten\u00eda tomada, tuve un tratamiento especial con psic\u00f3logo y psiquiatra\u201d, manifest\u00f3, para acotar entre l\u00e1grimas que \u201ccon mi yerno somos 100% compatibles y tenemos el mismo grupo sangu\u00edneo, hasta la misma cantidad de arterias tenemos, cosa de no creer\u2026 parecemos hechos el uno para el otro\u201d.<\/p>\n<p>\u201cMe han llamado de todos lados, amigos y familiares, estoy muy feliz, pero m\u00e1s que nada por Esteban, tiene mucho por vivir y recorrer. Yo en 15 d\u00edas estar\u00eda por Necochea y \u00e9l tiene 30 d\u00edas para el alta. Uno se siente orgulloso de hacer un acto as\u00ed, un d\u00eda tom\u00e9 la decisi\u00f3n y no se revoc\u00f3 para nada\u201d, finaliz\u00f3 el titular de Guardaparques.<\/p>\n","protected":false},"excerpt":{"rendered":"<p>\u201cUno se siente orgulloso de hacer un acto as\u00ed, un d\u00eda tom\u00e9 la decisi\u00f3n y no se revoc\u00f3 para nada\u201d, expres\u00f3 muy emocionado el trabajador municipal de Guardaparques, Claudio Ram\u00f3n, desde Capital Federal, donde se encuentra internado, y confirm\u00f3 que el beneficiario del ri\u00f1\u00f3n, su yerno Esteban Ruiz de Azua, goza de muy buen estado [&hellip;]<\/p>\n","protected":false},"author":3,"featured_media":92264,"comment_status":"closed","ping_status":"closed","sticky":false,"template":"","format":"standard","meta":{"footnotes":""},"categories":[3],"tags":[],"class_list":["post-92263","post","type-post","status-publish","format-standard","has-post-thumbnail","category-masnoticias"],"_links":{"self":[{"href":"https:\/\/primicias2262.com\/noticias\/wp-json\/wp\/v2\/posts\/92263","targetHints":{"allow":["GET"]}}],"collection":[{"href":"https:\/\/primicias2262.com\/noticias\/wp-json\/wp\/v2\/posts"}],"about":[{"href":"https:\/\/primicias2262.com\/noticias\/wp-json\/wp\/v2\/types\/post"}],"author":[{"embeddable":true,"href":"https:\/\/primicias2262.com\/noticias\/wp-json\/wp\/v2\/users\/3"}],"replies":[{"embeddable":true,"href":"https:\/\/primicias2262.com\/noticias\/wp-json\/wp\/v2\/comments?post=92263"}],"version-history":[{"count":0,"href":"https:\/\/primicias2262.com\/noticias\/wp-json\/wp\/v2\/posts\/92263\/revisions"}],"wp:attachment":[{"href":"https:\/\/primicias2262.com\/noticias\/wp-json\/wp\/v2\/media?parent=92263"}],"wp:term":[{"taxonomy":"category","embeddable":true,"href":"https:\/\/primicias2262.com\/noticias\/wp-json\/wp\/v2\/categories?post=92263"},{"taxonomy":"post_tag","embeddable":true,"href":"https:\/\/primicias2262.com\/noticias\/wp-json\/wp\/v2\/tags?post=92263"}],"curies":[{"name":"wp","href":"https:\/\/api.w.org\/{rel}","templated":true}]}}