{"id":92266,"date":"2022-08-04T12:47:50","date_gmt":"2022-08-04T15:47:50","guid":{"rendered":"https:\/\/primicias2262.com\/?p=92266"},"modified":"2022-08-04T12:47:50","modified_gmt":"2022-08-04T15:47:50","slug":"el-cura-gonzalo-domench-informo-el-programa-para-celebrar-a-san-cayetano","status":"publish","type":"post","link":"https:\/\/primicias2262.com\/noticias\/el-cura-gonzalo-domench-informo-el-programa-para-celebrar-a-san-cayetano\/","title":{"rendered":"El cura Gonzalo Domench inform\u00f3 el programa para celebrar a San Cayetano"},"content":{"rendered":"<p>Desde este jueves 4 al domingo 7 se realizar\u00e1n misas y actividades de celebraci\u00f3n en honor al santo de la providencia y patrono del pan y del trabajo, cuya capilla lleva su nombre en el barrio 9 de Julio estar\u00e1 abierta a diario de 8 a 20 hs. y se contar\u00e1 con la visita del obispo Gabriel Mestre.<\/p>\n<p>En el aire de \u201cVoces de la Ciudad\u201d, el cura p\u00e1rroco de Santa Teresita, Gonzalo Domench, y cuya bajo advocaci\u00f3n se encuentra la capilla San Cayetano del Barrio 9 de Julio, detall\u00f3 ante la pregunta del periodista Jorge G\u00f3mez los aspectos del programa religioso organizado junto a ambas comunidades.<\/p>\n<p>-Jueves 4, a las 18 misa: Rezamos por la salud y \u00e1gape fraterno D\u00eda del P\u00e1rroco.<br \/>\n-Viernes 5, misa a las 18, a las 17 adoraci\u00f3n eucar\u00edstica, rezos por los ni\u00f1os y j\u00f3venes.<br \/>\n-S\u00e1bado 6 Misi\u00f3n \u201cSan Cayetano nos invita\u201d por las calles c\u00e9ntricas en 59 y 62.<br \/>\n-Domingo 7, misa de inicio a la medianoche; a las 11 preside el Monse\u00f1or Gabriel Mestre; a las 15 procesi\u00f3n y misa, y a las 19 \u00c1nima Renovaci\u00f3n Carism\u00e1tica.<\/p>\n<p>El programa de celebraciones lleva el lema \u201cCon San Cayetano nos ponemos la patria al hombro\u201d, acerca de lo que explic\u00f3 Domench que \u201cpens\u00e1bamos que en este tiempo tan dolido, un lindo gesto es ponernos juntos la patria al hombro\u201d.<\/p>\n<p>Respecto a la misi\u00f3n c\u00e9ntrica del s\u00e1bado, puntualiz\u00f3 que \u201cser\u00e1 alrededor de las 15 e iremos por la zona del centro con la imagen de San Cayetano a invitar a la gente y repartir los programas\u201d, tras lo cual \u201cnos volvemos a la capilla y a la medianoche iniciamos con la misa. Nuestro obispo Gabriel (Mestre) quiere venir a compartir con nosotros la ma\u00f1ana del domingo).<\/p>\n<p>En este contexto, aclar\u00f3 el cura que el templo del barrio 9 de Julio permanecer\u00e1 abierto de 8 a 20 y habr\u00e1 servicio de cantina en 79 y 102, \u201ccon empanadas, choripanes y tortas a disposici\u00f3n, todo en un clima de fiesta\u201d, se\u00f1al\u00f3.<\/p>\n<p>En tanto, cuando se le pidi\u00f3 un mensaje de reflexi\u00f3n en v\u00edspera de San Cayetano, comunic\u00f3 que \u201cllegamos con mucha ilusi\u00f3n, como todos los argentinos, nos toca la doble misi\u00f3n como peregrinos de pedir por nuestra gente: algunos est\u00e1n con mucha ilusi\u00f3n, otros con mucha tristeza, y por eso los queremos recibir y abrir las puertas de las capillas para los peregrinos. Que se puedan encontrar con una iglesia que los recibe y los abraza es un lindo desaf\u00edo\u201d.<\/p>\n","protected":false},"excerpt":{"rendered":"<p>Desde este jueves 4 al domingo 7 se realizar\u00e1n misas y actividades de celebraci\u00f3n en honor al santo de la providencia y patrono del pan y del trabajo, cuya capilla lleva su nombre en el barrio 9 de Julio estar\u00e1 abierta a diario de 8 a 20 hs. y se contar\u00e1 con la visita del [&hellip;]<\/p>\n","protected":false},"author":3,"featured_media":92267,"comment_status":"closed","ping_status":"closed","sticky":false,"template":"","format":"standard","meta":{"footnotes":""},"categories":[3],"tags":[],"class_list":["post-92266","post","type-post","status-publish","format-standard","has-post-thumbnail","category-masnoticias"],"_links":{"self":[{"href":"https:\/\/primicias2262.com\/noticias\/wp-json\/wp\/v2\/posts\/92266","targetHints":{"allow":["GET"]}}],"collection":[{"href":"https:\/\/primicias2262.com\/noticias\/wp-json\/wp\/v2\/posts"}],"about":[{"href":"https:\/\/primicias2262.com\/noticias\/wp-json\/wp\/v2\/types\/post"}],"author":[{"embeddable":true,"href":"https:\/\/primicias2262.com\/noticias\/wp-json\/wp\/v2\/users\/3"}],"replies":[{"embeddable":true,"href":"https:\/\/primicias2262.com\/noticias\/wp-json\/wp\/v2\/comments?post=92266"}],"version-history":[{"count":0,"href":"https:\/\/primicias2262.com\/noticias\/wp-json\/wp\/v2\/posts\/92266\/revisions"}],"wp:attachment":[{"href":"https:\/\/primicias2262.com\/noticias\/wp-json\/wp\/v2\/media?parent=92266"}],"wp:term":[{"taxonomy":"category","embeddable":true,"href":"https:\/\/primicias2262.com\/noticias\/wp-json\/wp\/v2\/categories?post=92266"},{"taxonomy":"post_tag","embeddable":true,"href":"https:\/\/primicias2262.com\/noticias\/wp-json\/wp\/v2\/tags?post=92266"}],"curies":[{"name":"wp","href":"https:\/\/api.w.org\/{rel}","templated":true}]}}