{"id":92269,"date":"2022-08-04T12:51:30","date_gmt":"2022-08-04T15:51:30","guid":{"rendered":"https:\/\/primicias2262.com\/?p=92269"},"modified":"2022-08-04T12:51:30","modified_gmt":"2022-08-04T15:51:30","slug":"maite-crespo-bjerg-coordina-el-programa-de-capacitacion-del-instituto-consenso-federal","status":"publish","type":"post","link":"https:\/\/primicias2262.com\/noticias\/maite-crespo-bjerg-coordina-el-programa-de-capacitacion-del-instituto-consenso-federal\/","title":{"rendered":"Maite Crespo Bjerg coordina el programa de capacitaci\u00f3n del Instituto Consenso Federal"},"content":{"rendered":"<p>El Instituto Consenso Federal de Necochea, que coordina Maite Crespo Bjerg, informa la puesta en marcha de las actividades de capacitaci\u00f3n para el segundo semestre de este a\u00f1o.<br \/>\nSe trata del Programa de Gobierno y Formaci\u00f3n Ciudadana; una propuesta de capacitaci\u00f3n dise\u00f1ada y dictada por acad\u00e9micos y profesores universitarios, por v\u00eda virtual y en horarios adecuados, con intervalos de quince d\u00edas entre cursos.<\/p>\n<p>La actividad est\u00e1 abierta a toda la comunidad, con inscripci\u00f3n libre y gratuita, y consta de dos m\u00f3dulos con siete cursos:<br \/>\nPrimer M\u00f3dulo: Gobierno de la Argentina Federal; Gesti\u00f3n de Pol\u00edticas Ambientales; Pol\u00edticas de G\u00e9nero y Diversidad; Econom\u00eda, Producci\u00f3n y Empleo.<br \/>\nSegundo M\u00f3dulo: Gesti\u00f3n P\u00fablica Local; Pol\u00edticas P\u00fablicas; Emprender Paso a Paso.<\/p>\n<p>Al respecto, Maite Crespo Bjerg -oriunda de Juan N. Fern\u00e1ndez- destac\u00f3 que \u201cnuestra prioridad sigue siendo la formaci\u00f3n y la capacitaci\u00f3n, especialmente de j\u00f3venes que tienen compromiso social y vocaci\u00f3n de servicio p\u00fablico\u201d.<\/p>\n<p>El primer curso comenzar\u00e1 el venidero martes 9 de agosto a las 19.<br \/>\nPara obtener m\u00e1s informaci\u00f3n y realizar la inscripci\u00f3n, est\u00e1 disponible el sitio https:\/\/institutoconsensofederal.com<\/p>\n","protected":false},"excerpt":{"rendered":"<p>El Instituto Consenso Federal de Necochea, que coordina Maite Crespo Bjerg, informa la puesta en marcha de las actividades de capacitaci\u00f3n para el segundo semestre de este a\u00f1o. Se trata del Programa de Gobierno y Formaci\u00f3n Ciudadana; una propuesta de capacitaci\u00f3n dise\u00f1ada y dictada por acad\u00e9micos y profesores universitarios, por v\u00eda virtual y en horarios [&hellip;]<\/p>\n","protected":false},"author":3,"featured_media":92270,"comment_status":"closed","ping_status":"closed","sticky":false,"template":"","format":"standard","meta":{"footnotes":""},"categories":[3],"tags":[],"class_list":["post-92269","post","type-post","status-publish","format-standard","has-post-thumbnail","category-masnoticias"],"_links":{"self":[{"href":"https:\/\/primicias2262.com\/noticias\/wp-json\/wp\/v2\/posts\/92269","targetHints":{"allow":["GET"]}}],"collection":[{"href":"https:\/\/primicias2262.com\/noticias\/wp-json\/wp\/v2\/posts"}],"about":[{"href":"https:\/\/primicias2262.com\/noticias\/wp-json\/wp\/v2\/types\/post"}],"author":[{"embeddable":true,"href":"https:\/\/primicias2262.com\/noticias\/wp-json\/wp\/v2\/users\/3"}],"replies":[{"embeddable":true,"href":"https:\/\/primicias2262.com\/noticias\/wp-json\/wp\/v2\/comments?post=92269"}],"version-history":[{"count":0,"href":"https:\/\/primicias2262.com\/noticias\/wp-json\/wp\/v2\/posts\/92269\/revisions"}],"wp:attachment":[{"href":"https:\/\/primicias2262.com\/noticias\/wp-json\/wp\/v2\/media?parent=92269"}],"wp:term":[{"taxonomy":"category","embeddable":true,"href":"https:\/\/primicias2262.com\/noticias\/wp-json\/wp\/v2\/categories?post=92269"},{"taxonomy":"post_tag","embeddable":true,"href":"https:\/\/primicias2262.com\/noticias\/wp-json\/wp\/v2\/tags?post=92269"}],"curies":[{"name":"wp","href":"https:\/\/api.w.org\/{rel}","templated":true}]}}