{"id":92272,"date":"2022-08-04T13:07:34","date_gmt":"2022-08-04T16:07:34","guid":{"rendered":"https:\/\/primicias2262.com\/?p=92272"},"modified":"2022-08-04T13:07:34","modified_gmt":"2022-08-04T16:07:34","slug":"los-intendentes-vecinalistas-entre-ellos-arturo-rojas-toman-impulso-para-el-2023","status":"publish","type":"post","link":"https:\/\/primicias2262.com\/noticias\/los-intendentes-vecinalistas-entre-ellos-arturo-rojas-toman-impulso-para-el-2023\/","title":{"rendered":"Los intendentes vecinalistas, entre ellos Arturo Rojas, toman impulso para el 2023"},"content":{"rendered":"<p><strong><a href=\"https:\/\/primicias2262.com\/wp-content\/uploads\/2021\/08\/Gomez.jpg\"><img loading=\"lazy\" decoding=\"async\" class=\"alignleft size-medium wp-image-80409\" src=\"https:\/\/primicias2262.com\/wp-content\/uploads\/2021\/08\/Gomez-269x300.jpg\" alt=\"\" width=\"269\" height=\"300\" \/><\/a>Por Jorge G\u00f3mez<\/strong><\/p>\n<p>No solo oficialismo y oposici\u00f3n est\u00e1n con la cabeza puesta en las elecciones de 2023: los intendentes vecinalistas de la Provincia de Buenos Aires, entre ellos el jefe comunal de Necochea, doctor Arturo Rojas, ya puso primera y avanza en encuentros de cara al armado que organizar\u00e1n para el a\u00f1o entrante.<\/p>\n<p>Por eso, el denominado \u00abgrupo de los 4\u00bb alcaldes del vecinalismo, sumado a los concejales y referentes territoriales que los acompa\u00f1an, ya piensan en sumar m\u00fasculo y preparan un congreso para el mes que viene.<\/p>\n<p>Una cr\u00f3nica que alude a esta circunstancia pol\u00edtica bonaerense est\u00e1 volcada en el portal Infocielo, con pormenores de la actuaci\u00f3n que viene llevando a cabo esta dirigente que tiene actuaci\u00f3n en el interior provincial.<\/p>\n<p>Nucleados en la organizaci\u00f3n llamada \u201cBuenos Aires Primero\u201d, los jefes comunales Juan Nosetti (Salliquel\u00f3); Guillermo Britos (Chivilcoy); Carlos Bevilacqua (Villarino) y Arturo Rojas (Necochea) firmaron un comunicado en el que manifestaron la \u201ctristeza\u201d de ver \u201cque es imposible sacar adelante nuestro pa\u00eds cuando no hay un solo punto de construcci\u00f3n, sin di\u00e1logos ni consensos\u201d.<\/p>\n<p>Tras manifestar en reiteradas ocasiones y en medios de comunicaci\u00f3n poner fin a la grieta, discutir y focalizar en las necesidades y problemas de los vecinos y vecinas; anunciaron la conformaci\u00f3n del partido Buenos Aires Primero, con reconocimiento legal.<\/p>\n<p>Esto fue planteado en un encuentro realizado en la ciudad de La Plata, capital bonaerense, donde vecinalistas e independientes conversaron, intercambiaron posturas y compartieron proyectos de cara a los objetivos de las elecciones del pr\u00f3ximo a\u00f1o.<\/p>\n<p>En ese contexto, los dirigentes, entre ellos el intendente de Necochea, acordaron sobre la continuidad de la construcci\u00f3n del espacio \u00abpara poner en agenda los temas que importan a los vecinos y los municipios\u00bb, por eso la idea ser\u00e1 \u00abencarar una fuerte campa\u00f1a para lograr la tan ansiada autonom\u00eda municipal\u00bb.<\/p>\n<p>En ese punto, el desarrollo del pr\u00f3ximo congreso vecinalista para el mes septiembre en la ciudad de Chivilcoy ser\u00e1 clave para definir los lineamientos a seguir. Aquel distrito lo tiene a Guillermo Britos al frente del Departamento Ejecutivo comunal.<\/p>\n<p>Para ello ofrecieron una invitaci\u00f3n a espacios independientes a sumarse a la construcci\u00f3n de esta fuerza pol\u00edtica como un sello que permitir\u00e1 participar en las elecciones del a\u00f1o 2023 -renovaci\u00f3n de cargos ejecutivos, legislativos y de Consejos Escolares- \u00abpara quienes deseen competir bajo las premisas, valores y lineamientos del vecinalismo\u00bb.<\/p>\n<p>En di\u00e1logo con el mencionado portal Infocielo, el intendente Nosetti, de Salliquel\u00f3, se\u00f1al\u00f3 que desde el n\u00facleo de intendentes vecinalistas entienden \u201cque no podemos seguir de esta manera entre blancos y negros porque tenemos que salir en conjunto de esto\u201d.<\/p>\n<p>\u201cLa situaci\u00f3n del interior estaba enmascarada por la pandemia\u201d, sentenci\u00f3 Nosetti, al tiempo que destac\u00f3 que \u201choy pasa lo mismo que en todos lados, hay indigencia y situaciones peligrosas que son pocas, pero no podemos permitir que se agranden, no podemos dejarnos estar\u201d.<\/p>\n","protected":false},"excerpt":{"rendered":"<p>Por Jorge G\u00f3mez No solo oficialismo y oposici\u00f3n est\u00e1n con la cabeza puesta en las elecciones de 2023: los intendentes vecinalistas de la Provincia de Buenos Aires, entre ellos el jefe comunal de Necochea, doctor Arturo Rojas, ya puso primera y avanza en encuentros de cara al armado que organizar\u00e1n para el a\u00f1o entrante. Por [&hellip;]<\/p>\n","protected":false},"author":3,"featured_media":92273,"comment_status":"closed","ping_status":"closed","sticky":false,"template":"","format":"standard","meta":{"footnotes":""},"categories":[3],"tags":[],"class_list":["post-92272","post","type-post","status-publish","format-standard","has-post-thumbnail","category-masnoticias"],"_links":{"self":[{"href":"https:\/\/primicias2262.com\/noticias\/wp-json\/wp\/v2\/posts\/92272","targetHints":{"allow":["GET"]}}],"collection":[{"href":"https:\/\/primicias2262.com\/noticias\/wp-json\/wp\/v2\/posts"}],"about":[{"href":"https:\/\/primicias2262.com\/noticias\/wp-json\/wp\/v2\/types\/post"}],"author":[{"embeddable":true,"href":"https:\/\/primicias2262.com\/noticias\/wp-json\/wp\/v2\/users\/3"}],"replies":[{"embeddable":true,"href":"https:\/\/primicias2262.com\/noticias\/wp-json\/wp\/v2\/comments?post=92272"}],"version-history":[{"count":0,"href":"https:\/\/primicias2262.com\/noticias\/wp-json\/wp\/v2\/posts\/92272\/revisions"}],"wp:attachment":[{"href":"https:\/\/primicias2262.com\/noticias\/wp-json\/wp\/v2\/media?parent=92272"}],"wp:term":[{"taxonomy":"category","embeddable":true,"href":"https:\/\/primicias2262.com\/noticias\/wp-json\/wp\/v2\/categories?post=92272"},{"taxonomy":"post_tag","embeddable":true,"href":"https:\/\/primicias2262.com\/noticias\/wp-json\/wp\/v2\/tags?post=92272"}],"curies":[{"name":"wp","href":"https:\/\/api.w.org\/{rel}","templated":true}]}}