{"id":92278,"date":"2022-08-04T13:17:53","date_gmt":"2022-08-04T16:17:53","guid":{"rendered":"https:\/\/primicias2262.com\/?p=92278"},"modified":"2022-08-04T13:17:53","modified_gmt":"2022-08-04T16:17:53","slug":"azcoiti-cristina-tiene-el-poder-del-gobierno-y-alberto-esta-desplazado-de-la-escena","status":"publish","type":"post","link":"https:\/\/primicias2262.com\/noticias\/azcoiti-cristina-tiene-el-poder-del-gobierno-y-alberto-esta-desplazado-de-la-escena\/","title":{"rendered":"Azcoiti: \u201cCristina tiene el poder del gobierno y Alberto est\u00e1 desplazado de la escena\u201d"},"content":{"rendered":"<p>El ex diputado nacional y provincial, Pedro Jos\u00e9 Azcoiti, entreg\u00f3 su mirada sobre la actualidad pol\u00edtica y econ\u00f3mica del pa\u00eds durante una extensa charla en los estudios de \u201cVoces de la Ciudad\u201d, junto al periodista Jorge G\u00f3mez, en la cual dej\u00f3 ver su preocupaci\u00f3n y afirm\u00f3 que \u201ccada una de estas crisis genera una vuelta de tuerca que deja un sinn\u00famero de compatriotas pobres\u201d.<\/p>\n<p>En primer lugar, \u201cPerico\u201d sostuvo que \u201cveo el presente con una mirada de preocupaci\u00f3n, porque cada uno de estos cimbronazos no son buenos\u201d, y enumer\u00f3: \u201cPrimero el Rodrigazo, luego tuvimos la crisis de la deuda a fines de la dictadura militar que hizo que Alfons\u00edn recibiera el pa\u00eds al borde de la cesaci\u00f3n de pagos, la hiperflaci\u00f3n del \u201989 en el comienzo del gobierno de Menem, la convertibilidad que reflej\u00f3 un espejismo del 1 a 1 que estall\u00f3 el estallido del 2001. Cada una de estas crisis genera una vuelta de tuerca que dejan un sinn\u00famero de compatriotas que pasan al lote de los pobres estructurales\u201d.<\/p>\n<p>En tal sentido, compar\u00f3 que \u201cen el \u201875 Argentina ten\u00eda un 6% de pobreza, y vemos que con cada una de estas vueltas de tuerca llegamos a m\u00e1s del 40% de pobres, con el agravante de que m\u00e1s de la mitad de los ni\u00f1os en Argentina son pobres, entonces no podemos m\u00e1s que mirarlo con enorme preocupaci\u00f3n\u201d.<\/p>\n<p>Luego, Azcoiti argument\u00f3 que \u201cesta crisis tiene dos partes, una obedece a la crisis estructural de Argentina que no ha sabido reemplazar un modelo (sustituci\u00f3n de importaciones) que se agot\u00f3, pero en este caso tambi\u00e9n hay una crisis autoinflingida, y la crisis pol\u00edtica por la que est\u00e1 atravesando el gobierno la agrava a\u00fan m\u00e1s\u201d.<\/p>\n<p>\u201cEl peronismo es especialista en ser oficialismo y oposici\u00f3n al mismo tiempo\u201d, sentenci\u00f3, para recordar ir\u00f3nicamente que \u201cme acuerdo de varios analistas que hablaban de la \u201cgenialidad\u201d de Cristina Kirchner cuando eligi\u00f3 a Alberto Fern\u00e1ndez como presidente\u2026 esa genialidad pudo servir para ganar una elecci\u00f3n, pero despu\u00e9s hay que gobernar, entonces vemos que la genialidad se agot\u00f3 a poco de andar, en primer lugar por la heterogeneidad de este frente\u201d.<\/p>\n<p>Acto seguido, sum\u00f3 a Sergio Massa a la ecuaci\u00f3n: \u201cNo crean que va a diferenciarse enormemente de las pol\u00edticas econ\u00f3micas que hizo Macri, no hay que tener grandes expectativas\u201d y agreg\u00f3 que \u201cSilvina Batakis no ten\u00eda peso para ser el capit\u00e1n que tome el tim\u00f3n econ\u00f3mico en mares turbulentos, y dur\u00f3 lo que dur\u00f3\u201d, y enfatz\u00f3 que \u201cahora viene Massa porque seguramente acept\u00f3 condiciones que hace un mes atr\u00e1s no: no maneja la energ\u00eda, que qued\u00f3 en manos del kirchnerismo; ni la AFIP, ni la canciller\u00eda\u201d.<\/p>\n<p>\u201cEn s\u00edntesis, la se\u00f1ora de Kirchner sigue teniendo el poder dentro de la coalici\u00f3n gobernante, y lo que era un tr\u00edpode pasa a ser un b\u00edpode con Massa, quedando desplazado de la escena del poder real el presidente Alberto Fern\u00e1ndez\u201d, asever\u00f3 Azcoiti.<\/p>\n<p>Sobre el nuevo ministro de Econom\u00eda, Producci\u00f3n y Agricultura, \u201cPerico\u201d ampli\u00f3 que \u201cMassa es un tipo ambicioso, pero en pol\u00edtica no todo vale. Creo que vio que entre hundirse en el barco que se llevaba a todos puestos y probar si esta le sale bien y queda como el salvador, se la jug\u00f3. Se ve que apuesta y espero que le vaya bien porque en el barco estamos todos\u201d.<\/p>\n<p>\u201c\u00bfCu\u00e1l fue para el gobierno de Alberto Fern\u00e1ndez la prueba m\u00e1s dura desde que asumi\u00f3?\u00bb, se pregunt\u00f3, a lo que \u00e9l mismo respondi\u00f3 que \u201cel acuerdo con el Fondo Monetario internacional en marzo de este a\u00f1o, con la colaboraci\u00f3n de la oposici\u00f3n, porque varios de ellos, por ejemplo M\u00e1ximo Kircher, se opusieron\u201d.<\/p>\n<p>Finalmente, no soslayo la autocr\u00edtica, al deslizar que \u201ccomo oposici\u00f3n tenemos que poner las barbas en remojo. Si aspiramos a ser gobierno hay que llegar con un plan econ\u00f3mico serio, sensato y realizable, pero tambi\u00e9n con la capacidad y vocaci\u00f3n de establecer acuerdos pol\u00edticos que puedan sustentar en el tiempo un determinado plan econ\u00f3mico, porque nadie puede pensar que la crisis por la que atraviesa Argentina se puede solucionar en un solo periodo presidencial, ser\u00eda hacer ilusionismo\u201d.<\/p>\n","protected":false},"excerpt":{"rendered":"<p>El ex diputado nacional y provincial, Pedro Jos\u00e9 Azcoiti, entreg\u00f3 su mirada sobre la actualidad pol\u00edtica y econ\u00f3mica del pa\u00eds durante una extensa charla en los estudios de \u201cVoces de la Ciudad\u201d, junto al periodista Jorge G\u00f3mez, en la cual dej\u00f3 ver su preocupaci\u00f3n y afirm\u00f3 que \u201ccada una de estas crisis genera una vuelta [&hellip;]<\/p>\n","protected":false},"author":3,"featured_media":92279,"comment_status":"closed","ping_status":"closed","sticky":false,"template":"","format":"standard","meta":{"footnotes":""},"categories":[3],"tags":[],"class_list":["post-92278","post","type-post","status-publish","format-standard","has-post-thumbnail","category-masnoticias"],"_links":{"self":[{"href":"https:\/\/primicias2262.com\/noticias\/wp-json\/wp\/v2\/posts\/92278","targetHints":{"allow":["GET"]}}],"collection":[{"href":"https:\/\/primicias2262.com\/noticias\/wp-json\/wp\/v2\/posts"}],"about":[{"href":"https:\/\/primicias2262.com\/noticias\/wp-json\/wp\/v2\/types\/post"}],"author":[{"embeddable":true,"href":"https:\/\/primicias2262.com\/noticias\/wp-json\/wp\/v2\/users\/3"}],"replies":[{"embeddable":true,"href":"https:\/\/primicias2262.com\/noticias\/wp-json\/wp\/v2\/comments?post=92278"}],"version-history":[{"count":0,"href":"https:\/\/primicias2262.com\/noticias\/wp-json\/wp\/v2\/posts\/92278\/revisions"}],"wp:attachment":[{"href":"https:\/\/primicias2262.com\/noticias\/wp-json\/wp\/v2\/media?parent=92278"}],"wp:term":[{"taxonomy":"category","embeddable":true,"href":"https:\/\/primicias2262.com\/noticias\/wp-json\/wp\/v2\/categories?post=92278"},{"taxonomy":"post_tag","embeddable":true,"href":"https:\/\/primicias2262.com\/noticias\/wp-json\/wp\/v2\/tags?post=92278"}],"curies":[{"name":"wp","href":"https:\/\/api.w.org\/{rel}","templated":true}]}}