{"id":92307,"date":"2022-08-05T13:25:19","date_gmt":"2022-08-05T16:25:19","guid":{"rendered":"https:\/\/primicias2262.com\/?p=92307"},"modified":"2022-08-05T13:25:19","modified_gmt":"2022-08-05T16:25:19","slug":"el-centro-cultural-abrio-una-extension-bibliotecaria-en-claraz","status":"publish","type":"post","link":"https:\/\/primicias2262.com\/noticias\/el-centro-cultural-abrio-una-extension-bibliotecaria-en-claraz\/","title":{"rendered":"El Centro Cultural abri\u00f3 una extensi\u00f3n bibliotecaria en Claraz"},"content":{"rendered":"<p>El Centro Cultural Necochea Biblioteca Popular Andr\u00e9s Ferreyra (CCN\/BPAF) abri\u00f3 la extensi\u00f3n bibliotecaria en la localidad de Claraz con la entrega de libros de las m\u00e1s diversas tem\u00e1ticas destinadas al p\u00fablico infantil, adolescente y adulto. Alrededor de los 300 ejemplares estar\u00e1n a disposici\u00f3n de los y las vecinos\/as quienes podr\u00e1n retirarlos de manera gratuita y en car\u00e1cter de pr\u00e9stamo.<br \/>\nEsta es la segunda extensi\u00f3n bibliotecaria que se pone en marcha en el distrito, siendo la primera en el CIC (Centro Integrador Comunitario) ubicado en calles 49 y 92 de Necochea, mientras que la pr\u00f3xima ser\u00e1 en la localidad de Ram\u00f3n Santamarina.<\/p>\n<p>Cabe destacar que la concreci\u00f3n de este proyecto se realiza en el marco del convenio de colaboraci\u00f3n mutua que se firm\u00f3 en su oportunidad con la Municipalidad de Necochea a trav\u00e9s de su intendente, Arturo Rojas, y el CCN\/BPAF que es presidido por Juan Marraro.<\/p>\n<p>En Claraz, la extensi\u00f3n funcionar\u00e1 en sede de la delegaci\u00f3n municipal donde los libros fueron dispuestos de manera accesible. En este sentido, se agradece la colaboraci\u00f3n de las empleadas municipales F\u00e1tima y Graciela.<\/p>\n<p>La entrega del material a esa delegaci\u00f3n se realiz\u00f3 el pasado martes por parte del director del CCN\/BPAF, Alberto Franco, a la directora de Educaci\u00f3n municipal, Mariela Cellerino. \u201cVenimos a concretar lo que acordamos en el marco del convenio\u201d, record\u00f3 Franco quien adelant\u00f3 que \u201cya estamos preparando los vol\u00famenes para hacer lo propio en Santamarina\u201d.<\/p>\n<p>\u201cNos proponemos generar instrumentos que den cuenta de la amplia red de articulaciones y trabajos colaborativos entre organizaciones comunitarias\u201d se\u00f1al\u00f3 Franco al recordar el Plan Trienal de la instituci\u00f3n, hacia los 50 a\u00f1os del Aniversario de la inauguraci\u00f3n del actual edificio del CCN\/BPAF.<\/p>\n<p>Cabe recordar que, en marzo de este a\u00f1o, con la presencia del intendente Arturo Rojas, se empez\u00f3 a preparar conjuntamente el material destinado a las delegaciones municipales. \u201cLa idea es que la comunidad de cada localidad tenga acceso\u201d, enfatiz\u00f3 en ese momento Cellerino.<\/p>\n<p>En cuanto al convenio de colaboraci\u00f3n mutua, Franco hab\u00eda destacado que \u201ctiene distintas aplicaciones, y en este caso estamos haciendo extensiones que m\u00e1s all\u00e1 de la acci\u00f3n concreta, es cumplimentar un sue\u00f1o pensado hace 50 a\u00f1os por aquellos dirigentes bibliotecarios cuando se levant\u00f3 este edificio\u201d.<\/p>\n","protected":false},"excerpt":{"rendered":"<p>El Centro Cultural Necochea Biblioteca Popular Andr\u00e9s Ferreyra (CCN\/BPAF) abri\u00f3 la extensi\u00f3n bibliotecaria en la localidad de Claraz con la entrega de libros de las m\u00e1s diversas tem\u00e1ticas destinadas al p\u00fablico infantil, adolescente y adulto. Alrededor de los 300 ejemplares estar\u00e1n a disposici\u00f3n de los y las vecinos\/as quienes podr\u00e1n retirarlos de manera gratuita y [&hellip;]<\/p>\n","protected":false},"author":3,"featured_media":92308,"comment_status":"closed","ping_status":"closed","sticky":false,"template":"","format":"standard","meta":{"footnotes":""},"categories":[3],"tags":[],"class_list":["post-92307","post","type-post","status-publish","format-standard","has-post-thumbnail","category-masnoticias"],"_links":{"self":[{"href":"https:\/\/primicias2262.com\/noticias\/wp-json\/wp\/v2\/posts\/92307","targetHints":{"allow":["GET"]}}],"collection":[{"href":"https:\/\/primicias2262.com\/noticias\/wp-json\/wp\/v2\/posts"}],"about":[{"href":"https:\/\/primicias2262.com\/noticias\/wp-json\/wp\/v2\/types\/post"}],"author":[{"embeddable":true,"href":"https:\/\/primicias2262.com\/noticias\/wp-json\/wp\/v2\/users\/3"}],"replies":[{"embeddable":true,"href":"https:\/\/primicias2262.com\/noticias\/wp-json\/wp\/v2\/comments?post=92307"}],"version-history":[{"count":0,"href":"https:\/\/primicias2262.com\/noticias\/wp-json\/wp\/v2\/posts\/92307\/revisions"}],"wp:attachment":[{"href":"https:\/\/primicias2262.com\/noticias\/wp-json\/wp\/v2\/media?parent=92307"}],"wp:term":[{"taxonomy":"category","embeddable":true,"href":"https:\/\/primicias2262.com\/noticias\/wp-json\/wp\/v2\/categories?post=92307"},{"taxonomy":"post_tag","embeddable":true,"href":"https:\/\/primicias2262.com\/noticias\/wp-json\/wp\/v2\/tags?post=92307"}],"curies":[{"name":"wp","href":"https:\/\/api.w.org\/{rel}","templated":true}]}}