{"id":92310,"date":"2022-08-05T13:47:44","date_gmt":"2022-08-05T16:47:44","guid":{"rendered":"https:\/\/primicias2262.com\/?p=92310"},"modified":"2022-08-05T13:47:44","modified_gmt":"2022-08-05T16:47:44","slug":"el-padre-martinez-alerto-sobre-el-creciente-numero-de-personas-en-situacion-de-calle","status":"publish","type":"post","link":"https:\/\/primicias2262.com\/noticias\/el-padre-martinez-alerto-sobre-el-creciente-numero-de-personas-en-situacion-de-calle\/","title":{"rendered":"El Padre Mart\u00ednez alert\u00f3 sobre el creciente n\u00famero de personas en situaci\u00f3n de calle"},"content":{"rendered":"<p>El cura de la Parroquia Nuestra Se\u00f1ora de Lourdes, en calle 6 entre 83 y 85, Alejandro Mart\u00ednez, revel\u00f3 algunas de las situaciones que junto con su comunidad religiosa han visto \u00faltimamente con respecto a personas en situaci\u00f3n de vulnerabilidad, con el objetivo principal de generar un espacio que funcione como centro de d\u00eda y pernocte.<\/p>\n<p>En su visita a los estudios de \u201cVoces de la Ciudad\u201d, Mart\u00ednez dialog\u00f3 de forma extensa con el periodista Jorge G\u00f3mez acerca de este flagelo que asoma cada vez m\u00e1s a nivel local. \u201cHay una situaci\u00f3n que muchas veces escapa a la mirada cotidiana, pero es una realidad que existe y est\u00e1, que es la situaci\u00f3n de personas vulnerables en riesgo que va creciendo por distintos motivos\u201d, comenz\u00f3 alertando.<\/p>\n<p>El Padre relat\u00f3 que es algo creciente. \u201cCuando llegu\u00e9 a la comunidad de Lourdes durante la temporada, me extra\u00f1\u00f3 ver en el sitio gente en situaci\u00f3n de calle, como en la Rambla o en otro lugar, entonces empezamos a tener un contacto con ellos y a brindarles contenci\u00f3n hasta que sucedi\u00f3 una situaci\u00f3n puntual: est\u00e1bamos una noche fr\u00eda de junio en reuni\u00f3n con matrimonios y lleg\u00f3 alguien que buscaba algo de comer. Si bien no impresionaba como una persona indigente, me dijo que estaba en situaci\u00f3n de calle\u00bb.<\/p>\n<p>\u00abR\u00e1pidamente hicimos algo de comer y ah\u00ed mismo surge esta idea. Comenzamos a ver entre todos que ten\u00edamos que empezar a dar respuesta a estas situaciones\u201d, record\u00f3 el religioso.<\/p>\n<p>Por tal motivo, \u201ccomenzamos con peque\u00f1as viandas que cada miembro de la comunidad tra\u00eda, pero despu\u00e9s fuimos viendo que se juntaban en el \u00e1rbol de la plaza San Mart\u00edn y dec\u00edamos no puede ser que est\u00e9n comiendo en la calle, y ya no era uno, sino 5 o 6 que empezaron a venir, hasta que en la comunidad decidimos formar un equipo para hacer la comida y no esperar las viandas familiares\u201d, cont\u00f3 Mart\u00ednez.<\/p>\n<p>Sin embargo, \u201ctambi\u00e9n nos resultaba poco emp\u00e1tico que estuvieran comiendo en la calle, entonces la comunidad empez\u00f3 a buscar espacios e hicimos un comedor en la misma parroquia, y ellos ya entran a comer todos los d\u00edas a las 19 y se van a las 21\u201d, aunque revel\u00f3 que \u201cel drama que estamos viendo es que el gran problema es la noche y su peligro, uno puede hacer contenci\u00f3n todo el d\u00eda, pero la noche representa riesgos: fr\u00edo, falta de trabajo, violencia, adicciones\u201d.<\/p>\n<p>Por consiguiente, Mart\u00ednez coment\u00f3 que \u201cfuimos pensando en un proyecto de centro de d\u00eda para ayudar en la contenci\u00f3n de las adicciones, ya que la droga hace estragos en todos lados y en todos los estratos y trabajando conjuntamente con Desarrollo Humano de la Municipalidad, porque para todo ese trabajo no basta solo con la buena voluntad de los feligreses, sino que hay situaciones que nos superan y se necesitan profesionales, psic\u00f3logos, acompa\u00f1antes terap\u00e9uticos y operadores para hacer que se inserten a la sociedad\u201d.<\/p>\n<p>\u201cTenemos el proyecto de que puedan pernoctar, pero mientras tanto si hay una situaci\u00f3n extrema lo colocamos en alguna pensi\u00f3n que nos marca la Municipalidad para que pase la noche, por eso creo que debe haber un proyecto de un centro para las personas vulnerables que necesiten esa contenci\u00f3n de noche, y queremos generar este espacio\u201d, anhel\u00f3 finalmente.<\/p>\n","protected":false},"excerpt":{"rendered":"<p>El cura de la Parroquia Nuestra Se\u00f1ora de Lourdes, en calle 6 entre 83 y 85, Alejandro Mart\u00ednez, revel\u00f3 algunas de las situaciones que junto con su comunidad religiosa han visto \u00faltimamente con respecto a personas en situaci\u00f3n de vulnerabilidad, con el objetivo principal de generar un espacio que funcione como centro de d\u00eda y [&hellip;]<\/p>\n","protected":false},"author":3,"featured_media":92311,"comment_status":"closed","ping_status":"closed","sticky":false,"template":"","format":"standard","meta":{"footnotes":""},"categories":[3],"tags":[],"class_list":["post-92310","post","type-post","status-publish","format-standard","has-post-thumbnail","category-masnoticias"],"_links":{"self":[{"href":"https:\/\/primicias2262.com\/noticias\/wp-json\/wp\/v2\/posts\/92310","targetHints":{"allow":["GET"]}}],"collection":[{"href":"https:\/\/primicias2262.com\/noticias\/wp-json\/wp\/v2\/posts"}],"about":[{"href":"https:\/\/primicias2262.com\/noticias\/wp-json\/wp\/v2\/types\/post"}],"author":[{"embeddable":true,"href":"https:\/\/primicias2262.com\/noticias\/wp-json\/wp\/v2\/users\/3"}],"replies":[{"embeddable":true,"href":"https:\/\/primicias2262.com\/noticias\/wp-json\/wp\/v2\/comments?post=92310"}],"version-history":[{"count":0,"href":"https:\/\/primicias2262.com\/noticias\/wp-json\/wp\/v2\/posts\/92310\/revisions"}],"wp:attachment":[{"href":"https:\/\/primicias2262.com\/noticias\/wp-json\/wp\/v2\/media?parent=92310"}],"wp:term":[{"taxonomy":"category","embeddable":true,"href":"https:\/\/primicias2262.com\/noticias\/wp-json\/wp\/v2\/categories?post=92310"},{"taxonomy":"post_tag","embeddable":true,"href":"https:\/\/primicias2262.com\/noticias\/wp-json\/wp\/v2\/tags?post=92310"}],"curies":[{"name":"wp","href":"https:\/\/api.w.org\/{rel}","templated":true}]}}