{"id":92313,"date":"2022-08-05T14:01:23","date_gmt":"2022-08-05T17:01:23","guid":{"rendered":"https:\/\/primicias2262.com\/?p=92313"},"modified":"2022-08-05T14:01:23","modified_gmt":"2022-08-05T17:01:23","slug":"zubillaga-rescato-algunas-medidas-de-massa-pero-afirmo-que-lo-de-las-tarifas-golpea-a-la-clase-media","status":"publish","type":"post","link":"https:\/\/primicias2262.com\/noticias\/zubillaga-rescato-algunas-medidas-de-massa-pero-afirmo-que-lo-de-las-tarifas-golpea-a-la-clase-media\/","title":{"rendered":"Zubillaga rescat\u00f3 algunas medidas de Massa, pero afirm\u00f3 que lo de las tarifas golpea a la clase media"},"content":{"rendered":"<p>El Licenciado en Econom\u00eda y concejal por Nueva Necochea, Bartolom\u00e9 Zubillaga, analiz\u00f3 la serie de medidas econ\u00f3micas que anunci\u00f3 el ministro de Econom\u00eda, Sergio Massa, durante su asunci\u00f3n en la tarde-noche del mi\u00e9rcoles.<\/p>\n<p>En los estudios de \u201cVoces de la Ciudad\u201d, y ante la pregunta del periodista Jorge G\u00f3mez, Zubillaga aclar\u00f3 que \u201ca los anuncios no los veo como un plan, sino como un sinceramiento\u201d, refiri\u00e9ndose por ejemplo al sinceramiento de las tarifas, que le pega de lleno a la clase media nuevamente\u201d.<\/p>\n<p>M\u00e1s all\u00e1 de eso, manifest\u00f3 que \u201cuna cosa que rescato es que ahora se est\u00e1n intentando medidas ortodoxas, es decir, lo que hay que hacer, y no seguir inventando al estilo argentino\u201d, y tambi\u00e9n valor\u00f3 que \u201cla estrategia para poder tener reservas y un Banco Central m\u00e1s fuerte que pueda atender cualquier tipo de corridas est\u00e1 bueno, pero no es un plan en el sentido que se va a fondear con adelantos de exportaciones. Es un mecanismo que ya se us\u00f3 y que es muy beneficioso para los exportadores\u201d.<\/p>\n<p>Por otra parte, Zubillaga opin\u00f3 que despu\u00e9s de las medidas anunciadas \u201ccreo que habr\u00e1 un mercado amigable el primer tiempo, recordemos que el d\u00f3lar blue es un mercado muy chico y el que hay que mirar con atenci\u00f3n es el contado con liquidaci\u00f3n, que es el m\u00e1s real de todos los d\u00f3lares que tenemos y que utilizan m\u00e1s las empresas\u00bb.<\/p>\n<p>Puntualiz\u00f3 que \u00abes un d\u00f3lar un poco m\u00e1s real y formal que el Blue\u201d, aunque marc\u00f3 un punto: \u201cHay que ser sinceros, nosotros vamos al ton y son de lo que est\u00e1 pasando con el d\u00f3lar y en realidad cobramos en pesos y enfrentamos la situaci\u00f3n en pesos, y si vas a cualquier pa\u00eds de Sudam\u00e9rica el d\u00f3lar ni se menciona\u201d.<\/p>\n<p>Sigui\u00f3 esgrimiendo respecto a lo positivo que \u201ctambi\u00e9n plante\u00f3 Massa una cosa que es muy real y en la que se puede concordar, de citar a la Mesa de Enlace para ver c\u00f3mo se puede arreglar el tema de las liquidaciones\u201d.<\/p>\n<p>A modo de cr\u00edtica, Zubillaga marc\u00f3 que \u201cMassa habl\u00f3 de sobrefacturaci\u00f3n y subfacturaci\u00f3n en cuanto a importaciones y exportaciones, y la pregunta del mill\u00f3n es que si exist\u00edan esos delitos, por qu\u00e9 no los denunci\u00f3 antes\u201d.<\/p>\n<p>Adem\u00e1s, \u201cdijo que no va a emitir y que se congela el empleo p\u00fablico, que son todas situaciones dif\u00edciles de respetarlas en la pr\u00e1ctica, y que tambi\u00e9n habr\u00e1 un reordenamiento de los planes sociales con un plan que est\u00e1 interesante, pero ahora hay que reactivar la econom\u00eda para que el privado empiece a retomar, y hay una forma de darle dinero a las Pymes, que es bajando semejante presi\u00f3n impositiva\u201d.<\/p>\n<p>En otro segmento de su opini\u00f3n, el concejal argument\u00f3 que \u201ces importante que Massa le haya dicho al Fondo Monetario Internacional que va a tratar de llegar a las metas que estaban previstas, lo cual va a ser dur\u00edsimo\u201d, y se\u00f1al\u00f3 que \u201cest\u00e1 tratando de hacer las dos cosas a la vez: que no se enfr\u00ede tanto la econom\u00eda y tratando de bajar el d\u00e9ficit fiscal con el menor impacto posible\u2026 es lo m\u00e1s dif\u00edcil que hay, el equilibrio\u201d.<\/p>\n<p>De todas maneras, Zubillaga expres\u00f3 que \u201cyo rescato una cuesti\u00f3n de sinceridad, cuando \u00e9l dijo que fall\u00f3 la administraci\u00f3n\u2026 por fin uno lo dice, ya que no es solo este gobierno, sino que todos los gobiernos han fallado en la administraci\u00f3n de los recursos\u201d, y \u201cla sensaci\u00f3n que te deja es el tiempo que perdimos\u00bb<\/p>\n<p>En ese sentido puso como ejemplo que \u00abno tener el gasoducto hecho hace que tengamos que gastar una fortuna para importar gas. Por eso creo que va a pretender que determinadas industrias se puedan desarrollar de tal forma que logremos tener entradas de divisas, que es la entrada de d\u00f3lares, y con eso despu\u00e9s importamos y nos insertamos en el mundo. Con Massa, lo que estamos buscando es la certeza, creer en alguien, ya que no le cre\u00edmos a Guzm\u00e1n (Mart\u00edn), tampoco a Batakis (Silvina) y no le creemos a Alberto Fern\u00e1ndez\u201d.<\/p>\n","protected":false},"excerpt":{"rendered":"<p>El Licenciado en Econom\u00eda y concejal por Nueva Necochea, Bartolom\u00e9 Zubillaga, analiz\u00f3 la serie de medidas econ\u00f3micas que anunci\u00f3 el ministro de Econom\u00eda, Sergio Massa, durante su asunci\u00f3n en la tarde-noche del mi\u00e9rcoles. En los estudios de \u201cVoces de la Ciudad\u201d, y ante la pregunta del periodista Jorge G\u00f3mez, Zubillaga aclar\u00f3 que \u201ca los anuncios [&hellip;]<\/p>\n","protected":false},"author":3,"featured_media":92316,"comment_status":"closed","ping_status":"closed","sticky":false,"template":"","format":"standard","meta":{"footnotes":""},"categories":[3],"tags":[],"class_list":["post-92313","post","type-post","status-publish","format-standard","has-post-thumbnail","category-masnoticias"],"_links":{"self":[{"href":"https:\/\/primicias2262.com\/noticias\/wp-json\/wp\/v2\/posts\/92313","targetHints":{"allow":["GET"]}}],"collection":[{"href":"https:\/\/primicias2262.com\/noticias\/wp-json\/wp\/v2\/posts"}],"about":[{"href":"https:\/\/primicias2262.com\/noticias\/wp-json\/wp\/v2\/types\/post"}],"author":[{"embeddable":true,"href":"https:\/\/primicias2262.com\/noticias\/wp-json\/wp\/v2\/users\/3"}],"replies":[{"embeddable":true,"href":"https:\/\/primicias2262.com\/noticias\/wp-json\/wp\/v2\/comments?post=92313"}],"version-history":[{"count":0,"href":"https:\/\/primicias2262.com\/noticias\/wp-json\/wp\/v2\/posts\/92313\/revisions"}],"wp:attachment":[{"href":"https:\/\/primicias2262.com\/noticias\/wp-json\/wp\/v2\/media?parent=92313"}],"wp:term":[{"taxonomy":"category","embeddable":true,"href":"https:\/\/primicias2262.com\/noticias\/wp-json\/wp\/v2\/categories?post=92313"},{"taxonomy":"post_tag","embeddable":true,"href":"https:\/\/primicias2262.com\/noticias\/wp-json\/wp\/v2\/tags?post=92313"}],"curies":[{"name":"wp","href":"https:\/\/api.w.org\/{rel}","templated":true}]}}