{"id":92333,"date":"2022-08-06T20:25:35","date_gmt":"2022-08-06T23:25:35","guid":{"rendered":"https:\/\/primicias2262.com\/?p=92333"},"modified":"2022-08-06T20:25:35","modified_gmt":"2022-08-06T23:25:35","slug":"una-familia-perdio-todo-en-un-incendio-y-necesita-la-ayuda-de-la-comunidad","status":"publish","type":"post","link":"https:\/\/primicias2262.com\/noticias\/una-familia-perdio-todo-en-un-incendio-y-necesita-la-ayuda-de-la-comunidad\/","title":{"rendered":"Una familia perdi\u00f3 todo en un incendio y necesita la ayuda de la comunidad"},"content":{"rendered":"<p><strong>La madre de familia, Magal\u00ed Ocampos, realiz\u00f3 un llamado a la solidaridad tras sufrir el incendio con p\u00e9rdida total en su vivienda del Barrio terminal, en calle 62 entre 41 y 43.<\/strong><\/p>\n<p>Por medio de una nota de Rosana G\u00e1spari para \u201cVoces de la Ciudad\u201d, Magal\u00ed cont\u00f3 su testimonio: \u201cEl pasado 2 de agosto hubo un incendio en mi casa y perd\u00ed la totalidad de las cosas. La verdad es que necesito desde una cocina y platos hasta ropa, garrafa y materiales para empezar de vuelta\u201d.<\/p>\n<p>Ocampos se\u00f1al\u00f3 que las trabajadoras sociales de la Municipalidad la est\u00e1n ayudando y que los primeros que le dieron una mano fueron sus vecinos. \u201cLos vecinos est\u00e1n en todo momento, la gente que vive cerca es la que m\u00e1s me ayuda, nos han tra\u00eddo calzados, frazadas y a ofrecer sus manos, porque cuando tengamos algo de material nos van a ayudar a construir enseguida\u201d.<\/p>\n<p>En la vivienda habitaban cinco personas, Magal\u00ed, sus tres hijos de 17, 16 y 13 a\u00f1os y la novia de uno de ellos, y se\u00f1al\u00f3 que de forma transitoria \u201cestamos viviendo en una piecita que me prestaron cerca de mi casa que se incendi\u00f3. Estamos sin poder trabajar, estamos de prestados por un tiempo y necesitamos volver a hacer nuestra casa. Se me hace dif\u00edcil y va a ser dif\u00edcil volver a arrancar\u201d.<\/p>\n<p>Para todo aquel que quiera acercarse a colaborar, la direcci\u00f3n exacta de la casa es 62 N\u00ba 2002, entre 41 y 43. \u201cYo me encuentro al lado de la casa incendiada y mi contacto es 2262-573195\u201d, se\u00f1al\u00f3 Magal\u00ed, quien concluy\u00f3 que todo lo que les acerquen es importante: \u201cUn ladrillo o una ventana es bienvenido, no solo se quem\u00f3 mi casa sino la de un vecino que es mi sobrino, as\u00ed que tambi\u00e9n estamos pidiendo ayuda para \u00e9l\u2026 con lo que puedan va a ser bien recibido\u201d.<\/p>\n","protected":false},"excerpt":{"rendered":"<p>La madre de familia, Magal\u00ed Ocampos, realiz\u00f3 un llamado a la solidaridad tras sufrir el incendio con p\u00e9rdida total en su vivienda del Barrio terminal, en calle 62 entre 41 y 43. Por medio de una nota de Rosana G\u00e1spari para \u201cVoces de la Ciudad\u201d, Magal\u00ed cont\u00f3 su testimonio: \u201cEl pasado 2 de agosto hubo [&hellip;]<\/p>\n","protected":false},"author":3,"featured_media":92334,"comment_status":"closed","ping_status":"closed","sticky":false,"template":"","format":"standard","meta":{"footnotes":""},"categories":[3],"tags":[],"class_list":["post-92333","post","type-post","status-publish","format-standard","has-post-thumbnail","category-masnoticias"],"_links":{"self":[{"href":"https:\/\/primicias2262.com\/noticias\/wp-json\/wp\/v2\/posts\/92333","targetHints":{"allow":["GET"]}}],"collection":[{"href":"https:\/\/primicias2262.com\/noticias\/wp-json\/wp\/v2\/posts"}],"about":[{"href":"https:\/\/primicias2262.com\/noticias\/wp-json\/wp\/v2\/types\/post"}],"author":[{"embeddable":true,"href":"https:\/\/primicias2262.com\/noticias\/wp-json\/wp\/v2\/users\/3"}],"replies":[{"embeddable":true,"href":"https:\/\/primicias2262.com\/noticias\/wp-json\/wp\/v2\/comments?post=92333"}],"version-history":[{"count":0,"href":"https:\/\/primicias2262.com\/noticias\/wp-json\/wp\/v2\/posts\/92333\/revisions"}],"wp:attachment":[{"href":"https:\/\/primicias2262.com\/noticias\/wp-json\/wp\/v2\/media?parent=92333"}],"wp:term":[{"taxonomy":"category","embeddable":true,"href":"https:\/\/primicias2262.com\/noticias\/wp-json\/wp\/v2\/categories?post=92333"},{"taxonomy":"post_tag","embeddable":true,"href":"https:\/\/primicias2262.com\/noticias\/wp-json\/wp\/v2\/tags?post=92333"}],"curies":[{"name":"wp","href":"https:\/\/api.w.org\/{rel}","templated":true}]}}