{"id":92336,"date":"2022-08-06T20:45:39","date_gmt":"2022-08-06T23:45:39","guid":{"rendered":"https:\/\/primicias2262.com\/?p=92336"},"modified":"2022-08-06T20:45:39","modified_gmt":"2022-08-06T23:45:39","slug":"destacan-la-necesidad-de-profundizar-el-dialogo-en-el-frente-de-todos","status":"publish","type":"post","link":"https:\/\/primicias2262.com\/noticias\/destacan-la-necesidad-de-profundizar-el-dialogo-en-el-frente-de-todos\/","title":{"rendered":"Destacan la necesidad de profundizar el di\u00e1logo en el Frente de Todos"},"content":{"rendered":"<p>Los partidos pol\u00edticos, representantes sindicales, sectores populares y movimientos Sociales, entre otros, que conforman el Frente de Todos a nivel local mantuvieron un encuentro en el que se destac\u00f3 la necesidad de profundizar el di\u00e1logo.<\/p>\n<p>A trav\u00e9s de un comunicado de prensa, se indic\u00f3 que \u00abtodos los presentes valoramos la necesidad de profundizar el di\u00e1logo y la interacci\u00f3n entre nosotros, entendidos como m\u00e9todo para recepcionar la demanda ciudadana y traducirla en propuestas, desde una oposici\u00f3n constructiva y con vocaci\u00f3n de poder\u00bb.<\/p>\n<p>Agrega que \u00aben este orden de ideas, se plantearon distintos enfoques, buscando una articulaci\u00f3n que promueva la complementariedad y capitalice la diversidad inicial, distintiva de nuestro Frente Peronista\u00bb.<\/p>\n<p>\u00abAcordamos otorgar mayor y mejor difusi\u00f3n a las pol\u00edticas y acciones de los gobiernos Nacional y Provincial que tengan relaci\u00f3n y\/o aplicaci\u00f3n en nuestro distrito\u00bb, puntualiza la nota.<\/p>\n<p>Por otra parte se\u00f1ala que \u00abratificamos la convicci\u00f3n en torno al camino emprendido para fortalecer la unidad y dar batalla al poder econ\u00f3mico y medi\u00e1tico que gobierna el distrito, asumiendo nuestra obligaci\u00f3n pol\u00edtica de denunciar los errores de la gesti\u00f3n actual\u00bb.<\/p>\n<p>En ese marco, los dirigentes del Frente de Todos expresaron que \u00abqueremos un Partido de Necochea distinto, con justicia social, donde los sectores m\u00e1s beneficiados aporten m\u00e1s al desarrollo del distrito\u00bb.<\/p>\n<p>Finalmente manifestaron que \u00abhoy m\u00e1s que nunca se ha puesto de manifiesto la necesidad de mejorar la salud, la infraestructura y los accesos, priorizando siempre la calidad de vida de todos los ciudadanos. Lo estamos haciendo desde la Naci\u00f3n y la Provincia y queremos hacerlo tambi\u00e9n desde el Municipio de Necochea, para que vuelva a ser el Distrito que so\u00f1aron nuestros mayores\u00bb.<\/p>\n<p>De la reuni\u00f3n participaron, entre otros, la diputada nacional Jimena Lopez; la diputada\u00a0 provincial Natalia S\u00e1nchez J\u00e1uregui; los concejales Andrea C\u00e1ceres, Mauro Vel\u00e1zquez, y Rafael I\u00e1cono, el subdirector ejecutivo de la Agencia Nacional de Seguridad Vial, Facundo Lopez, el secretario general de Camioneros, y el titular de la Bancaria, Demian Ledesma.<\/p>\n<p>Tambi\u00e9n estuvieron dirigentes de CET (Cultura, Educaci\u00f3n y Trabajo), Corriente Nacional de la Militancia, CTA, CTA Aut\u00f3noma, CTA de los Trabajadores, Espacio en Com\u00fan, Frente Patria Grande, Frente Renovador, Frente Transversal, Kolina, La C\u00e1mpora, Lealtad Necochea, Mesa Pol\u00edtico Sindical Arturo Jauretche, Movimiento Evita, Movimiento Nacional Alfonsinista, Movimiento Mayo, Pdo Fe, Partido Justicialista y la UTEP.<\/p>\n","protected":false},"excerpt":{"rendered":"<p>Los partidos pol\u00edticos, representantes sindicales, sectores populares y movimientos Sociales, entre otros, que conforman el Frente de Todos a nivel local mantuvieron un encuentro en el que se destac\u00f3 la necesidad de profundizar el di\u00e1logo. A trav\u00e9s de un comunicado de prensa, se indic\u00f3 que \u00abtodos los presentes valoramos la necesidad de profundizar el di\u00e1logo [&hellip;]<\/p>\n","protected":false},"author":3,"featured_media":92337,"comment_status":"closed","ping_status":"closed","sticky":false,"template":"","format":"standard","meta":{"footnotes":""},"categories":[3],"tags":[],"class_list":["post-92336","post","type-post","status-publish","format-standard","has-post-thumbnail","category-masnoticias"],"_links":{"self":[{"href":"https:\/\/primicias2262.com\/noticias\/wp-json\/wp\/v2\/posts\/92336","targetHints":{"allow":["GET"]}}],"collection":[{"href":"https:\/\/primicias2262.com\/noticias\/wp-json\/wp\/v2\/posts"}],"about":[{"href":"https:\/\/primicias2262.com\/noticias\/wp-json\/wp\/v2\/types\/post"}],"author":[{"embeddable":true,"href":"https:\/\/primicias2262.com\/noticias\/wp-json\/wp\/v2\/users\/3"}],"replies":[{"embeddable":true,"href":"https:\/\/primicias2262.com\/noticias\/wp-json\/wp\/v2\/comments?post=92336"}],"version-history":[{"count":0,"href":"https:\/\/primicias2262.com\/noticias\/wp-json\/wp\/v2\/posts\/92336\/revisions"}],"wp:attachment":[{"href":"https:\/\/primicias2262.com\/noticias\/wp-json\/wp\/v2\/media?parent=92336"}],"wp:term":[{"taxonomy":"category","embeddable":true,"href":"https:\/\/primicias2262.com\/noticias\/wp-json\/wp\/v2\/categories?post=92336"},{"taxonomy":"post_tag","embeddable":true,"href":"https:\/\/primicias2262.com\/noticias\/wp-json\/wp\/v2\/tags?post=92336"}],"curies":[{"name":"wp","href":"https:\/\/api.w.org\/{rel}","templated":true}]}}