{"id":92339,"date":"2022-08-06T21:41:25","date_gmt":"2022-08-07T00:41:25","guid":{"rendered":"https:\/\/primicias2262.com\/?p=92339"},"modified":"2022-08-06T21:41:25","modified_gmt":"2022-08-07T00:41:25","slug":"con-una-gran-concurrencia-quequen-sigue-adelante-con-sus-festejos","status":"publish","type":"post","link":"https:\/\/primicias2262.com\/noticias\/con-una-gran-concurrencia-quequen-sigue-adelante-con-sus-festejos\/","title":{"rendered":"Con una gran concurrencia, Quequ\u00e9n sigue adelante con sus festejos"},"content":{"rendered":"<p><strong>En diferentes puntos de la Plaza Hip\u00f3lito Yrigoyen, el denominador com\u00fan a destacar fue la concurrencia de gente y las m\u00faltiples actividades que se proponen desde la organizaci\u00f3n para festejar los 168 a\u00f1os de la ciudad.<\/strong><\/p>\n<p>Quequ\u00e9n sigue de festejo por su 168\u00ba Aniversario, y a tono con la primera jornada, este s\u00e1bado una multitud se hizo presente en la Plaza Hip\u00f3lito Yrigoyen para disfrutar de las m\u00faltiples actividades, tanto con los shows en el escenario montado en 521 y 560, como con los diferentes paseos gastron\u00f3micos, comerciales y de entretenimientos alrededor de toda la manzana.<\/p>\n<p>A la espera de lo que fue el n\u00famero central a cargo del grupo Malagata, diferentes protagonistas fueron dejando sus impresiones del armado de los festejos y el hecho de contar con tres d\u00edas de celebraciones. En ese aspecto, artistas, vecinos y emprendedores resaltaron la organizaci\u00f3n a cargo del municipio.<\/p>\n<p>Por ejemplo, los cantantes Braian y Mart\u00edn Navarrette lograron una conexi\u00f3n especial con la gente, a la que hicieron bailar y contrarrestar el fr\u00edo de la tardecita. Al bajar del escenario, en primer t\u00e9rmino Braian expres\u00f3 que \u201ces un d\u00eda fresco pero le dimos calor para que la gente baile y se divierta\u201d. Integrante de la banda necochense \u2018La Pachanga\u2019 y amante de la cumbia santafecina, valor\u00f3 que \u201cla verdad es que est\u00e1 muy lindo todo, desde Cultura y la Municipalidad nos trataron de 10 y estamos muy conformes\u201d.<\/p>\n<p>Por su parte, Mart\u00edn sostuvo que \u201cvenimos hace rato trabajando con la m\u00fasica, ya sea como solistas o como banda, y estamos muy agradecidos con la gente de Cultura y con la gente de Quequ\u00e9n porque le pusieron toda la onda\u201d, e insistit\u00f3 en que \u201cestamos agradecidos de coraz\u00f3n con que nos hayan invitado, es un evento muy lindo, con luces y un sonido muy bueno. La gente bailaba, aplaud\u00eda y nosotros contentos de que la gente se prenda y escuche a un cantante\u201d.<\/p>\n<p><a href=\"https:\/\/primicias2262.com\/wp-content\/uploads\/2022\/08\/Festejos.jpeg\"><img loading=\"lazy\" decoding=\"async\" class=\"alignleft size-large wp-image-92340\" src=\"https:\/\/primicias2262.com\/wp-content\/uploads\/2022\/08\/Festejos-1024x1024.jpeg\" alt=\"\" width=\"696\" height=\"696\" \/><\/a><\/p>\n<p>Unos metros m\u00e1s lejos del ruido del escenario,\u00a0en direcci\u00f3n a la 519, se encuentran algunos puestos de emprendedores, entre ellos el de \u201cArtesanales Quequ\u00e9n \u2013 Cuchillos\u201d, propiedad del vecino quequenense Nahuel Cur\u00edn, quien destac\u00f3 que \u201chay muy buena concurrencia de gente y est\u00e1 todo muy lindo. Esta vuelta el clima nos ayud\u00f3 mucho, no hace tanto fr\u00edo y por ahora no hay lluvia, entonces la gente de Quequ\u00e9n viene, le gusta esto y son tres d\u00edas, que ayuda mucho para que haya un movimiento\u201d.<\/p>\n<p>Como vecino, opin\u00f3 que \u201clo veo bien a Quequ\u00e9n, entre todos hay que seguir sac\u00e1ndolo adelante\u201d, y como emprendedor relat\u00f3 que \u201chace un a\u00f1o y medio empezamos con un emprendimiento familiar que es la creaci\u00f3n de cuchillos artesanales y agregamos artesan\u00eda que tenga que ver con el asado, la tradici\u00f3n criolla y la costumbre de las carnes argentinas\u201d. De hecho, el cuchillo del corte de la tora de cumplea\u00f1os ser\u00e1 cortes\u00eda de Artesanales Quequ\u00e9n.<\/p>\n<p>En tanto, quien vive a una cuadra del lugar de los festejos, el vecino Jos\u00e9 Enrique, manifest\u00f3 que \u201cest\u00e1 todo muy lindo, se tendr\u00eda que repetir m\u00e1s seguido este tipo de festejos en Quequ\u00e9n, pero es una buena iniciativa y est\u00e1 bastante completo, incluso para que la gente pueda trabajar tambi\u00e9n\u201d.<\/p>\n<p>Asimismo, opin\u00f3 que \u201cQuequ\u00e9n va mejorando y esperemos que se sigan haciendo cosas y que se pueda terminar el natatorio que ser\u00eda muy bueno para todos los chicos de Quequ\u00e9n\u201d, para concluir que \u201chan mejorado mucho la plaza, hay mucha sangre nueva con el delegado (Hern\u00e1n Rodr\u00edguez) y esperemos que sigan as\u00ed\u201d.<\/p>\n<p>Los festejos de aniversario seguir\u00e1n este domingo con m\u00faltiples actividades. Al mediod\u00eda ser\u00e1 el desfile c\u00edvico militar; a las 15 se llevar\u00e1 a cabo el corte de la torta de cumplea\u00f1os y por el escenario pasar\u00e1n los grupos Renacer y A\u00f1oranzas, Franco Laterza, Fito Pinzone, Gonzalo Litio, Nico Maldonado, Banda de rock \u2018Colmado\u2019 Julio Lacassagne y Adabela, Chino Ibarguren, Tachame La Doble y la presencia estelar de El Mago y La Nueva Luna.<\/p>\n<p>&nbsp;<\/p>\n","protected":false},"excerpt":{"rendered":"<p>En diferentes puntos de la Plaza Hip\u00f3lito Yrigoyen, el denominador com\u00fan a destacar fue la concurrencia de gente y las m\u00faltiples actividades que se proponen desde la organizaci\u00f3n para festejar los 168 a\u00f1os de la ciudad. Quequ\u00e9n sigue de festejo por su 168\u00ba Aniversario, y a tono con la primera jornada, este s\u00e1bado una multitud [&hellip;]<\/p>\n","protected":false},"author":3,"featured_media":92341,"comment_status":"closed","ping_status":"closed","sticky":false,"template":"","format":"standard","meta":{"footnotes":""},"categories":[3],"tags":[],"class_list":["post-92339","post","type-post","status-publish","format-standard","has-post-thumbnail","category-masnoticias"],"_links":{"self":[{"href":"https:\/\/primicias2262.com\/noticias\/wp-json\/wp\/v2\/posts\/92339","targetHints":{"allow":["GET"]}}],"collection":[{"href":"https:\/\/primicias2262.com\/noticias\/wp-json\/wp\/v2\/posts"}],"about":[{"href":"https:\/\/primicias2262.com\/noticias\/wp-json\/wp\/v2\/types\/post"}],"author":[{"embeddable":true,"href":"https:\/\/primicias2262.com\/noticias\/wp-json\/wp\/v2\/users\/3"}],"replies":[{"embeddable":true,"href":"https:\/\/primicias2262.com\/noticias\/wp-json\/wp\/v2\/comments?post=92339"}],"version-history":[{"count":0,"href":"https:\/\/primicias2262.com\/noticias\/wp-json\/wp\/v2\/posts\/92339\/revisions"}],"wp:attachment":[{"href":"https:\/\/primicias2262.com\/noticias\/wp-json\/wp\/v2\/media?parent=92339"}],"wp:term":[{"taxonomy":"category","embeddable":true,"href":"https:\/\/primicias2262.com\/noticias\/wp-json\/wp\/v2\/categories?post=92339"},{"taxonomy":"post_tag","embeddable":true,"href":"https:\/\/primicias2262.com\/noticias\/wp-json\/wp\/v2\/tags?post=92339"}],"curies":[{"name":"wp","href":"https:\/\/api.w.org\/{rel}","templated":true}]}}