{"id":92347,"date":"2022-08-06T22:01:55","date_gmt":"2022-08-07T01:01:55","guid":{"rendered":"https:\/\/primicias2262.com\/?p=92347"},"modified":"2022-08-06T22:01:55","modified_gmt":"2022-08-07T01:01:55","slug":"gabriela-exilart-estara-en-la-feria-del-libro-y-autores-rema-que-rema","status":"publish","type":"post","link":"https:\/\/primicias2262.com\/noticias\/gabriela-exilart-estara-en-la-feria-del-libro-y-autores-rema-que-rema\/","title":{"rendered":"Gabriela Exilart estar\u00e1 en la Feria del Libro y Autores \u00abRema que rema\u00bb"},"content":{"rendered":"<p>La escritora marplatense Gabriela Exilart estar\u00e1 presente en la IV edici\u00f3n de la Feria del Libro y Autores \u201cRema que rema\u201d que el Centro Cultural Necochea Biblioteca Andr\u00e9s Ferreyra (CCN\/BPAF) organiza con el apoyo del Ministerio de Cultura de la Naci\u00f3n y que se realizar\u00e1 desde el 25 al 27 de agosto en la instituci\u00f3n ubicada en calle 54 entre 61 y 63.<\/p>\n<p>Por este motivo, el CCN\/BPAF habilit\u00f3 una urna en el ingreso a la biblioteca, en el primer piso, para que los lectores de esta novelista elijan el libro que m\u00e1s les gust\u00f3. El resultado de la votaci\u00f3n ser\u00e1 compartido con la autora, el d\u00eda de la feria.<\/p>\n<p>El \u00faltimo libro de Exilart, \u201cEl susurro de las mujeres\u201d, fue presentado en la \u00faltima Feria del Libro en ciudad de Buenos Aires y est\u00e1 posicionado como uno de los m\u00e1s vendidos. Public\u00f3 otros como \u201cTormentas del pasado\u201d, \u201cPinceladas de azabache\u201d, \u201cPor la sangre derramada\u201d, \u201cCon el coraz\u00f3n al sur\u201d, \u201cNapalp\u00ed. Atrapada en el viento\u201d, \u201cEn la arena de Gij\u00f3n\u201d y \u201cSecretos al alba\u201d.<\/p>\n<p>Cabe destacar que la \u00a0Feria del Libro y Autores \u201cRema que rema\u201d se caracteriza por la presentaci\u00f3n de las publicaciones de editoriales autogestivas provenientes de distintas partes del pa\u00eds.<\/p>\n<p>Habr\u00e1 conferencias a cargo de importantes referentes de la cultura, as\u00ed como tambi\u00e9n presentaciones de libros, talleres y proyecciones.<\/p>\n<p>La primera edici\u00f3n de la Feria se realiz\u00f3 en el a\u00f1o 2016 y reuni\u00f3 a m\u00e1s de 30 editoriales independientes de todo el pa\u00eds en un evento sin precedentes en Necochea.<\/p>\n<p>Volvi\u00f3 a repetirse en el a\u00f1o 2017 buscando establecerse como un espacio recurrente de la ciudad y la regi\u00f3n. Se retom\u00f3 el a\u00f1o pasado con m\u00e1s de 20 editoriales con fuerte presencia de emprendimientos de la regi\u00f3n como Bah\u00eda Blanca y Mar del Plata, y CABA.<\/p>\n<p>La presentaci\u00f3n de Gabriela Exilart se realizar\u00e1 el s\u00e1bado 27 a las 17:00 horas, con entrada libre y gratuita.<\/p>\n","protected":false},"excerpt":{"rendered":"<p>La escritora marplatense Gabriela Exilart estar\u00e1 presente en la IV edici\u00f3n de la Feria del Libro y Autores \u201cRema que rema\u201d que el Centro Cultural Necochea Biblioteca Andr\u00e9s Ferreyra (CCN\/BPAF) organiza con el apoyo del Ministerio de Cultura de la Naci\u00f3n y que se realizar\u00e1 desde el 25 al 27 de agosto en la instituci\u00f3n [&hellip;]<\/p>\n","protected":false},"author":3,"featured_media":92348,"comment_status":"closed","ping_status":"closed","sticky":false,"template":"","format":"standard","meta":{"footnotes":""},"categories":[3],"tags":[],"class_list":["post-92347","post","type-post","status-publish","format-standard","has-post-thumbnail","category-masnoticias"],"_links":{"self":[{"href":"https:\/\/primicias2262.com\/noticias\/wp-json\/wp\/v2\/posts\/92347","targetHints":{"allow":["GET"]}}],"collection":[{"href":"https:\/\/primicias2262.com\/noticias\/wp-json\/wp\/v2\/posts"}],"about":[{"href":"https:\/\/primicias2262.com\/noticias\/wp-json\/wp\/v2\/types\/post"}],"author":[{"embeddable":true,"href":"https:\/\/primicias2262.com\/noticias\/wp-json\/wp\/v2\/users\/3"}],"replies":[{"embeddable":true,"href":"https:\/\/primicias2262.com\/noticias\/wp-json\/wp\/v2\/comments?post=92347"}],"version-history":[{"count":0,"href":"https:\/\/primicias2262.com\/noticias\/wp-json\/wp\/v2\/posts\/92347\/revisions"}],"wp:attachment":[{"href":"https:\/\/primicias2262.com\/noticias\/wp-json\/wp\/v2\/media?parent=92347"}],"wp:term":[{"taxonomy":"category","embeddable":true,"href":"https:\/\/primicias2262.com\/noticias\/wp-json\/wp\/v2\/categories?post=92347"},{"taxonomy":"post_tag","embeddable":true,"href":"https:\/\/primicias2262.com\/noticias\/wp-json\/wp\/v2\/tags?post=92347"}],"curies":[{"name":"wp","href":"https:\/\/api.w.org\/{rel}","templated":true}]}}