{"id":92379,"date":"2022-08-07T17:08:54","date_gmt":"2022-08-07T20:08:54","guid":{"rendered":"https:\/\/primicias2262.com\/?p=92379"},"modified":"2022-08-07T17:08:54","modified_gmt":"2022-08-07T20:08:54","slug":"gargaglione-pretenderia-ser-reelecto-intendente-de-san-cayetano","status":"publish","type":"post","link":"https:\/\/primicias2262.com\/noticias\/gargaglione-pretenderia-ser-reelecto-intendente-de-san-cayetano\/","title":{"rendered":"Gargaglione pretender\u00eda ser reelecto intendente de San Cayetano"},"content":{"rendered":"<p>\u201cYo hoy no puedo decir abiertamente que voy a ser candidato, pero hay tres o cuatro situaciones que dar\u00edan a entender que est\u00e1 dada la posibilidad para intentar un nuevo mandato\u201d, revel\u00f3 en \u201cVoces de la Ciudad\u201d el intendente de San Cayetano, Miguel \u00c1ngel Gargaglione, quien est\u00e1 al frente de la vecina comuna desde 2007.<\/p>\n<p>En di\u00e1logo telef\u00f3nico, el periodista Jorge G\u00f3mez le pregunt\u00f3 a Gargaglione, a un a\u00f1o para las elecciones primarias de 2023, si ten\u00eda la idea de competir para seguir con la conducci\u00f3n del Departamento Ejecutivo de San Cayetano, a lo que el jefe comunal no esquiv\u00f3 la respuesta.<\/p>\n<p>\u201cPor supuesto que los colaboradores m\u00e1s cercanos a m\u00ed est\u00e1n convencidos que nuevamente tengo que intentar seducir a la poblaci\u00f3n y tratar de llegar lo mejor posible para la elecci\u00f3n y ganarla\u201d, como as\u00ed \u201cmi familia, que me dice lo mismo y tambi\u00e9n en el \u00e1mbito de la Uni\u00f3n C\u00edvica Radical de aquel medio.<\/p>\n<p>Ante tantas adhesiones, Gargaglione afirm\u00f3 que \u201ca m\u00ed no me disgusta para nada, es algo que me apasiona el Ejecutivo Municipal y caminar entre mi gente con total tranquilidad y con la conciencia tranquila por hacer lo mejor por ellos en el rol de administrar fondos p\u00fablicos\u201d.<\/p>\n<p>De todas formas, valor\u00f3 que \u201crespeto mucho la opini\u00f3n y el voto de la gente e intentaremos realizar una buena elecci\u00f3n, sea el candidato yo u otra persona\u201d, y culmin\u00f3 asegurando que \u201ctenemos una pol\u00edtica de estar muy cerca del vecino y resolverle la problem\u00e1tica, y adem\u00e1s apostar a un futuro, como el emprendimiento que tenemos en el Balneario San Cayetano con cloaca y agua, y para eso el municipio tiene que estar preparado\u201d.<\/p>\n","protected":false},"excerpt":{"rendered":"<p>\u201cYo hoy no puedo decir abiertamente que voy a ser candidato, pero hay tres o cuatro situaciones que dar\u00edan a entender que est\u00e1 dada la posibilidad para intentar un nuevo mandato\u201d, revel\u00f3 en \u201cVoces de la Ciudad\u201d el intendente de San Cayetano, Miguel \u00c1ngel Gargaglione, quien est\u00e1 al frente de la vecina comuna desde 2007. [&hellip;]<\/p>\n","protected":false},"author":3,"featured_media":77805,"comment_status":"closed","ping_status":"closed","sticky":false,"template":"","format":"standard","meta":{"footnotes":""},"categories":[3],"tags":[],"class_list":["post-92379","post","type-post","status-publish","format-standard","has-post-thumbnail","category-masnoticias"],"_links":{"self":[{"href":"https:\/\/primicias2262.com\/noticias\/wp-json\/wp\/v2\/posts\/92379","targetHints":{"allow":["GET"]}}],"collection":[{"href":"https:\/\/primicias2262.com\/noticias\/wp-json\/wp\/v2\/posts"}],"about":[{"href":"https:\/\/primicias2262.com\/noticias\/wp-json\/wp\/v2\/types\/post"}],"author":[{"embeddable":true,"href":"https:\/\/primicias2262.com\/noticias\/wp-json\/wp\/v2\/users\/3"}],"replies":[{"embeddable":true,"href":"https:\/\/primicias2262.com\/noticias\/wp-json\/wp\/v2\/comments?post=92379"}],"version-history":[{"count":0,"href":"https:\/\/primicias2262.com\/noticias\/wp-json\/wp\/v2\/posts\/92379\/revisions"}],"wp:attachment":[{"href":"https:\/\/primicias2262.com\/noticias\/wp-json\/wp\/v2\/media?parent=92379"}],"wp:term":[{"taxonomy":"category","embeddable":true,"href":"https:\/\/primicias2262.com\/noticias\/wp-json\/wp\/v2\/categories?post=92379"},{"taxonomy":"post_tag","embeddable":true,"href":"https:\/\/primicias2262.com\/noticias\/wp-json\/wp\/v2\/tags?post=92379"}],"curies":[{"name":"wp","href":"https:\/\/api.w.org\/{rel}","templated":true}]}}