{"id":92384,"date":"2022-08-07T19:40:01","date_gmt":"2022-08-07T22:40:01","guid":{"rendered":"https:\/\/primicias2262.com\/?p=92384"},"modified":"2022-08-07T19:40:01","modified_gmt":"2022-08-07T22:40:01","slug":"con-un-historico-desfile-civico-miltar-culminaron-los-festejos-en-quequen","status":"publish","type":"post","link":"https:\/\/primicias2262.com\/noticias\/con-un-historico-desfile-civico-miltar-culminaron-los-festejos-en-quequen\/","title":{"rendered":"Con un hist\u00f3rico desfile c\u00edvico miltar culminaron los festejos en Quequ\u00e9n"},"content":{"rendered":"<p><strong>Este mediod\u00eda, el \u00faltimo d\u00eda de festejos comenz\u00f3 con un colorido y variado desfile iniciado en Av. 519 y 544, que tuvo la presencia de la Banda de la Armada Argentina y que estuvo encabezado por el intendente Arturo Rojas y el delegado Hern\u00e1n Rodr\u00edguez. <\/strong><\/p>\n<p><strong>Luego se dio lugar al paso tradicionalista con los gauchos a caballo, con la locuci\u00f3n y el relato de Federico Ca\u00f1adas. El corte de torta, posteriormente, tuvo gran presencia de vecinos y la primera porci\u00f3n a cargo del jefe comunal. El cierre fue a toda m\u00fasica, con la reconocida banda de cumbia El Mago y la Nueva Luna.<\/strong><\/p>\n<p>Con un notable Desfile C\u00edvico-Militar y el tradicional corte de torta, el 168\u00ba Aniversario de Quequ\u00e9n va culminando despu\u00e9s de tres d\u00edas de fiesta, con m\u00e1s de 30 n\u00fameros art\u00edsticos en el escenario mayor, juegos para ni\u00f1os y puestos gastron\u00f3micos, todo prolijamente ubicado en inmediaciones y dentro de la Plaza Hip\u00f3lito Irigoyen.<\/p>\n<p>El desfile hist\u00f3rico, que tambi\u00e9n tuvo el paso tradicionalista de los gauchos a caballo con la locuci\u00f3n de Federico Ca\u00f1adas, fue encabezado por el intendente Arturo Rojas, el delegado Hern\u00e1n Rodr\u00edguez, funcionarios y concejales, y cont\u00f3 con la impactante presencia de la Banda de la Armada. El mismo inici\u00f3 en horas del mediod\u00eda ante un gran marco de p\u00fablico que lo respald\u00f3, cuyo recorrido tuvo su puntapi\u00e9 en avenida 519 y 544 para culminar en 519 y 562, trayecto que estuvo acompa\u00f1ado por cerrados aplausos por su colorido y variedad.<\/p>\n<p>Las fuerzas que formaron parte fueron la A\u00e9rea, la Armada, el Ej\u00e9rcito, Gendarmer\u00eda, Prefectura y el cuerpo de Bomberos de Necochea y Quequ\u00e9n, estos \u00faltimos con la autobomba y el cami\u00f3n.<\/p>\n<p><a href=\"https:\/\/primicias2262.com\/wp-content\/uploads\/2022\/08\/Desfile-2.jpg\"><img loading=\"lazy\" decoding=\"async\" class=\"aligncenter size-full wp-image-92386\" src=\"https:\/\/primicias2262.com\/wp-content\/uploads\/2022\/08\/Desfile-2.jpg\" alt=\"\" width=\"1280\" height=\"853\" \/><\/a><\/p>\n<p>En tanto que las entidades que se presentaron fueron los clubes deportivos Ministerio, Estaci\u00f3n Quequ\u00e9n y Defensores de Puerto Quequ\u00e9n, como as\u00ed tambi\u00e9n las escuelas municipales Todos al Agua, Atletismo y V\u00f3leibol. Adem\u00e1s, sumaron al colorido recorrido las entidades intermedias como el caso de Centro Jubilados y Pensionados de Quequ\u00e9n, la Agrupaci\u00f3n Folclore Renacer, Danzas Necochenses G\u00fcemes, Amigos de la Bici, MTD de la Costa y la Asociaci\u00f3n Retamas y Girasoles.<\/p>\n<p>En tanto que las entidades educativas presentes fueron Jard\u00edn Municipal Acuario, Jard\u00edn 908, Jard\u00edn 913, Jard\u00edn 915, Jard\u00edn 920, Escuela primaria Nuestra Se\u00f1ora de la Merced, la Escuela Primaria 25, CEA y los centros de educaci\u00f3n de adultos 702, 707, 708 y 709.<\/p>\n<p>Acto seguido a ello, fue el turno del corte de torta, ocasi\u00f3n en la que se le cant\u00f3 el feliz cumplea\u00f1os a la pujante localidad y donde el jefe comunal, junto al delegado Rodr\u00edguez y la secretaria de Gobierno, Gabriela G\u00f3ngora en el festivo momento, le entreg\u00f3 a los ni\u00f1os menos t\u00edmidos que se fueron acercando las primeras porciones.<\/p>\n","protected":false},"excerpt":{"rendered":"<p>Este mediod\u00eda, el \u00faltimo d\u00eda de festejos comenz\u00f3 con un colorido y variado desfile iniciado en Av. 519 y 544, que tuvo la presencia de la Banda de la Armada Argentina y que estuvo encabezado por el intendente Arturo Rojas y el delegado Hern\u00e1n Rodr\u00edguez. Luego se dio lugar al paso tradicionalista con los gauchos [&hellip;]<\/p>\n","protected":false},"author":3,"featured_media":92385,"comment_status":"closed","ping_status":"closed","sticky":false,"template":"","format":"standard","meta":{"footnotes":""},"categories":[3],"tags":[],"class_list":["post-92384","post","type-post","status-publish","format-standard","has-post-thumbnail","category-masnoticias"],"_links":{"self":[{"href":"https:\/\/primicias2262.com\/noticias\/wp-json\/wp\/v2\/posts\/92384","targetHints":{"allow":["GET"]}}],"collection":[{"href":"https:\/\/primicias2262.com\/noticias\/wp-json\/wp\/v2\/posts"}],"about":[{"href":"https:\/\/primicias2262.com\/noticias\/wp-json\/wp\/v2\/types\/post"}],"author":[{"embeddable":true,"href":"https:\/\/primicias2262.com\/noticias\/wp-json\/wp\/v2\/users\/3"}],"replies":[{"embeddable":true,"href":"https:\/\/primicias2262.com\/noticias\/wp-json\/wp\/v2\/comments?post=92384"}],"version-history":[{"count":0,"href":"https:\/\/primicias2262.com\/noticias\/wp-json\/wp\/v2\/posts\/92384\/revisions"}],"wp:attachment":[{"href":"https:\/\/primicias2262.com\/noticias\/wp-json\/wp\/v2\/media?parent=92384"}],"wp:term":[{"taxonomy":"category","embeddable":true,"href":"https:\/\/primicias2262.com\/noticias\/wp-json\/wp\/v2\/categories?post=92384"},{"taxonomy":"post_tag","embeddable":true,"href":"https:\/\/primicias2262.com\/noticias\/wp-json\/wp\/v2\/tags?post=92384"}],"curies":[{"name":"wp","href":"https:\/\/api.w.org\/{rel}","templated":true}]}}