{"id":92405,"date":"2022-08-08T12:35:48","date_gmt":"2022-08-08T15:35:48","guid":{"rendered":"https:\/\/primicias2262.com\/?p=92405"},"modified":"2022-08-08T12:35:48","modified_gmt":"2022-08-08T15:35:48","slug":"lucrecia-rivero-tratamos-de-darle-la-tranquilidad-y-la-solucion-mas-pronta-al-afiliado","status":"publish","type":"post","link":"https:\/\/primicias2262.com\/noticias\/lucrecia-rivero-tratamos-de-darle-la-tranquilidad-y-la-solucion-mas-pronta-al-afiliado\/","title":{"rendered":"Lucrecia Rivero: \u201cTratamos de darle la tranquilidad y la soluci\u00f3n m\u00e1s pronta al afiliado\u201d"},"content":{"rendered":"<p>La titular de PAMI Quequ\u00e9n, Lucrecia Rivero, habl\u00f3 en el programa radial \u201cVoces de la Ciudad\u201d sobre su nueva experiencia al frente de la delegaci\u00f3n de la obra social, que reabri\u00f3 hace poco en 554 casi 519 y que cuenta con unos 3 mil afiliados.<\/p>\n<p>En di\u00e1logo con el periodista Jorge G\u00f3mez, la joven titular del PAMI describi\u00f3 que \u201ces una nueva experiencia que tomo con mucha responsabilidad, para m\u00ed es muy importante porque estamos hablando de la salud de nuestros abuelos. Cada afiliado que va tratamos de atenderlo de la mejor manera y solucionarle en el momento, y personalmente trato de estar de lunes a lunes al servicio de nuestros afiliados\u201d.<\/p>\n<p>\u201cSon 3 mil afiliados aproximadamente y estamos recibiendo entre 30 y 40 casos por d\u00eda\u201d, se\u00f1al\u00f3 Rivero, para recordar que \u201ctambi\u00e9n tenemos la aplicaci\u00f3n de PAMI a trav\u00e9s de la cual se pueden sacar los turnos, se puede bajar la App al tel\u00e9fono y desde all\u00ed hacer diferentes tr\u00e1mites\u201d.<\/p>\n<p>Acerca del d\u00eda a d\u00eda, Lucrecia revel\u00f3 que \u201csabemos c\u00f3mo est\u00e1 el tema de la salud, la gente est\u00e1 muy sensible tambi\u00e9n y nosotros tratamos de darle la tranquilidad y la soluci\u00f3n m\u00e1s pronta. Tenemos excelentes compa\u00f1eros, que atienden al afiliado con buena onda. Las oficinas, est\u00e1n abiertas para la atenci\u00f3n de 7 a 14 h. y mi mensaje para los afiliados es que estamos a disposici\u00f3n, que cuenten con nosotros, que PAMI Quequ\u00e9n es su hogar\u201d.<\/p>\n<p>Yendo m\u00e1s hacia la faceta personal, Rivero asegur\u00f3 que \u201camo Quequ\u00e9n y a la tercera edad, me fascina trabajar con ellos y escuchar sus historias, ellos se merecen la mejor atenci\u00f3n y tratemos de solucionarles los problemas, por eso no estoy de acuerdo en que a veces les hacen pegar mil vueltas por un medicamento\u201d.<\/p>\n<p>En cuanto a la parte pol\u00edtica, cont\u00f3 que \u201cmilito desde muy chica en el peronismo, desde los 14 a\u00f1os, actualmente tengo 35, y este a\u00f1o me han propuesto para estar al frente del PAMI Quequ\u00e9n, y m\u00e1s all\u00e1 del peronismo, nosotros trabajamos por todos y eso es lo mejor para la ciudad\u201d, afirm\u00f3, para recordar que \u201cestuve desde el primer d\u00eda por el reclamo de PAMI en Quequ\u00e9n y ahora me toca estar como titular\u201d, algo que asegur\u00f3 que no esperaba.<\/p>\n","protected":false},"excerpt":{"rendered":"<p>La titular de PAMI Quequ\u00e9n, Lucrecia Rivero, habl\u00f3 en el programa radial \u201cVoces de la Ciudad\u201d sobre su nueva experiencia al frente de la delegaci\u00f3n de la obra social, que reabri\u00f3 hace poco en 554 casi 519 y que cuenta con unos 3 mil afiliados. En di\u00e1logo con el periodista Jorge G\u00f3mez, la joven titular [&hellip;]<\/p>\n","protected":false},"author":3,"featured_media":92406,"comment_status":"closed","ping_status":"closed","sticky":false,"template":"","format":"standard","meta":{"footnotes":""},"categories":[3],"tags":[],"class_list":["post-92405","post","type-post","status-publish","format-standard","has-post-thumbnail","category-masnoticias"],"_links":{"self":[{"href":"https:\/\/primicias2262.com\/noticias\/wp-json\/wp\/v2\/posts\/92405","targetHints":{"allow":["GET"]}}],"collection":[{"href":"https:\/\/primicias2262.com\/noticias\/wp-json\/wp\/v2\/posts"}],"about":[{"href":"https:\/\/primicias2262.com\/noticias\/wp-json\/wp\/v2\/types\/post"}],"author":[{"embeddable":true,"href":"https:\/\/primicias2262.com\/noticias\/wp-json\/wp\/v2\/users\/3"}],"replies":[{"embeddable":true,"href":"https:\/\/primicias2262.com\/noticias\/wp-json\/wp\/v2\/comments?post=92405"}],"version-history":[{"count":0,"href":"https:\/\/primicias2262.com\/noticias\/wp-json\/wp\/v2\/posts\/92405\/revisions"}],"wp:attachment":[{"href":"https:\/\/primicias2262.com\/noticias\/wp-json\/wp\/v2\/media?parent=92405"}],"wp:term":[{"taxonomy":"category","embeddable":true,"href":"https:\/\/primicias2262.com\/noticias\/wp-json\/wp\/v2\/categories?post=92405"},{"taxonomy":"post_tag","embeddable":true,"href":"https:\/\/primicias2262.com\/noticias\/wp-json\/wp\/v2\/tags?post=92405"}],"curies":[{"name":"wp","href":"https:\/\/api.w.org\/{rel}","templated":true}]}}