{"id":92408,"date":"2022-08-08T12:41:36","date_gmt":"2022-08-08T15:41:36","guid":{"rendered":"https:\/\/primicias2262.com\/?p=92408"},"modified":"2022-08-08T12:41:36","modified_gmt":"2022-08-08T15:41:36","slug":"segmentacion-de-tarifas-hay-mucha-gente-que-no-sabe-como-hacer-el-tramite","status":"publish","type":"post","link":"https:\/\/primicias2262.com\/noticias\/segmentacion-de-tarifas-hay-mucha-gente-que-no-sabe-como-hacer-el-tramite\/","title":{"rendered":"Segmentaci\u00f3n de tarifas: \u201cHay mucha gente que no sabe c\u00f3mo hacer el tr\u00e1mite\u201d"},"content":{"rendered":"<p>Silvia Jensen, referente local de la Red Nacional Multisectorial, y militante de Espacio en Com\u00fan, lugar en el que ayudaron desinteresadamente a m\u00e1s de mil vecinos a realizar el tr\u00e1mite de la segmentaci\u00f3n tarifaria, se\u00f1al\u00f3 sobre dicho programa que se implement\u00f3 de forma muy desacertada y el Estado nacional estuvo bastante ausente.<\/p>\n<p><a href=\"https:\/\/primicias2262.com\/wp-content\/uploads\/2022\/07\/Jensen.jpg\"><img loading=\"lazy\" decoding=\"async\" class=\"alignright size-medium wp-image-91916\" src=\"https:\/\/primicias2262.com\/wp-content\/uploads\/2022\/07\/Jensen-300x188.jpg\" alt=\"\" width=\"300\" height=\"188\" \/><\/a>Durante una visita a los estudios de \u201cVoces de la Ciudad\u201d, Jensen se mostr\u00f3 a favor de la segmentaci\u00f3n y la continuidad de los subsidios, pero carg\u00f3 con algunas cr\u00edticas a la conducci\u00f3n nacional por no comunicar de forma eficiente.<\/p>\n<p>Por ejemplo, se\u00f1al\u00f3 que \u201cescuchaba al ministro (Sergio Massa) que dec\u00eda que 4 millones de personas eligieron no inscribirse, pero no es verdad eso\u2026 hay gente que nos sigue llamando para anotarse, no quiere decir que renunciaron a eso, sino que algunos no se enteraron o no saben. La mayor\u00eda de la gente que fue a nuestro local es gente jubilada, muchas personas mayores est\u00e1n solas, sin nadie que les d\u00e9 una mano para hacer un tr\u00e1mite\u201d.<\/p>\n<p>Jensen mencion\u00f3 que se podr\u00eda haber hecho un proceso mejor pensado: \u201cTendr\u00edan que haber cruzado los datos al principio, todo lo que sea jubilados, pensionados, titulares de asignaciones y dem\u00e1s est\u00e1n en ANSES, entonces tendr\u00edan que haber entrado directamente al subsidio y no que se tomen este trabajo de anotarse, con la angustia que le genera a la gente\u201d.<\/p>\n<p>Sin embargo, expres\u00f3 que \u201cnosotros elegimos no quedarnos en la cr\u00edtica y nos pusimos a dar una mano al vecino, hace mucho que hago esto y s\u00e9 que la gente no presta atenci\u00f3n al leer la factura, solo ve el importe que va a pagar y ya est\u00e1, no presta atenci\u00f3n a todo lo dem\u00e1s\u201d, y revel\u00f3 que \u201cen dos semanas habremos anotado a mil personas, sobre una poblaci\u00f3n de casi 100 mil habitantes\u201d, dando a entender que fue poca la gente que concurri\u00f3.<\/p>\n<p>\u201cEntiendo que se est\u00e1n tomando medidas econ\u00f3micas para tratar de cumplir con lo que se ha pedido, pero en el medio queda mucha gente que no esperaba esto y de verdad no sabe c\u00f3mo hacerlo, y en ese sentido el Estado estuvo bastante ausente. Fue bastante desacertada la forma en que lo implementaron\u201d, afirm\u00f3 sobre la segmentaci\u00f3n.<\/p>\n<p>Finalmente, Jensen aclar\u00f3 que la Ley de Zona Fr\u00eda seguir\u00e1 estando, con descuentos del 30 o 50% seg\u00fan corresponda\u201d, y que \u201cel impacto de los que pierden el subsidio ser\u00e1 de alrededor de un 200% de aumento.<\/p>\n<p>\u201cLa gente por ah\u00ed no entiende, pero este subsidio es parte del precio, no es algo aparte, mientras hac\u00edamos la inscripci\u00f3n la gente nos preguntaba cu\u00e1ndo le llegaba el beneficio, y no es un beneficio, es para que puedas seguir pagando lo mismo, pero de lo contrario estamos hablando de un 200% de aumento para la luz y el gas\u201d, culmin\u00f3.<\/p>\n<p>En tanto, Jensen dej\u00f3 abierta la expectativa hasta este martes 9 de agosto, d\u00eda en que se lleven a cabo importantes anuncios desde lo estad\u00edstico en cuanto a los servicios de gas y luz a nivel nacional y provincial.<\/p>\n","protected":false},"excerpt":{"rendered":"<p>Silvia Jensen, referente local de la Red Nacional Multisectorial, y militante de Espacio en Com\u00fan, lugar en el que ayudaron desinteresadamente a m\u00e1s de mil vecinos a realizar el tr\u00e1mite de la segmentaci\u00f3n tarifaria, se\u00f1al\u00f3 sobre dicho programa que se implement\u00f3 de forma muy desacertada y el Estado nacional estuvo bastante ausente. Durante una visita [&hellip;]<\/p>\n","protected":false},"author":3,"featured_media":76137,"comment_status":"closed","ping_status":"closed","sticky":false,"template":"","format":"standard","meta":{"footnotes":""},"categories":[3],"tags":[],"class_list":["post-92408","post","type-post","status-publish","format-standard","has-post-thumbnail","category-masnoticias"],"_links":{"self":[{"href":"https:\/\/primicias2262.com\/noticias\/wp-json\/wp\/v2\/posts\/92408","targetHints":{"allow":["GET"]}}],"collection":[{"href":"https:\/\/primicias2262.com\/noticias\/wp-json\/wp\/v2\/posts"}],"about":[{"href":"https:\/\/primicias2262.com\/noticias\/wp-json\/wp\/v2\/types\/post"}],"author":[{"embeddable":true,"href":"https:\/\/primicias2262.com\/noticias\/wp-json\/wp\/v2\/users\/3"}],"replies":[{"embeddable":true,"href":"https:\/\/primicias2262.com\/noticias\/wp-json\/wp\/v2\/comments?post=92408"}],"version-history":[{"count":0,"href":"https:\/\/primicias2262.com\/noticias\/wp-json\/wp\/v2\/posts\/92408\/revisions"}],"wp:attachment":[{"href":"https:\/\/primicias2262.com\/noticias\/wp-json\/wp\/v2\/media?parent=92408"}],"wp:term":[{"taxonomy":"category","embeddable":true,"href":"https:\/\/primicias2262.com\/noticias\/wp-json\/wp\/v2\/categories?post=92408"},{"taxonomy":"post_tag","embeddable":true,"href":"https:\/\/primicias2262.com\/noticias\/wp-json\/wp\/v2\/tags?post=92408"}],"curies":[{"name":"wp","href":"https:\/\/api.w.org\/{rel}","templated":true}]}}