{"id":92413,"date":"2022-08-08T13:10:26","date_gmt":"2022-08-08T16:10:26","guid":{"rendered":"https:\/\/primicias2262.com\/?p=92413"},"modified":"2022-08-08T13:10:26","modified_gmt":"2022-08-08T16:10:26","slug":"comenzo-a-funcionar-el-servicio-de-salud-sexual-integral-en-el-hospital-irurzun","status":"publish","type":"post","link":"https:\/\/primicias2262.com\/noticias\/comenzo-a-funcionar-el-servicio-de-salud-sexual-integral-en-el-hospital-irurzun\/","title":{"rendered":"Comenz\u00f3 a funcionar el servicio de salud sexual integral en el Hospital Irurzun"},"content":{"rendered":"<p><strong>Este lunes el servicio exclusivo comenz\u00f3 a funcionar a cargo de los profesionales a cargo. Luego de una sencilla inauguraci\u00f3n, la secretaria de Salud, Andrea Perestiuk, resalt\u00f3 que \u201ceste es un servicio que el hospital ya ten\u00eda, pero le faltaba su propio espacio que hace a todos los trabajadores que intervienen en el cuidado de la salud integral de la mujer\u201d.<\/strong><\/p>\n<p><a href=\"https:\/\/primicias2262.com\/wp-content\/uploads\/2022\/08\/Consultorio.jpg\"><img loading=\"lazy\" decoding=\"async\" class=\"aligncenter size-full wp-image-92414\" src=\"https:\/\/primicias2262.com\/wp-content\/uploads\/2022\/08\/Consultorio.jpg\" alt=\"\" width=\"1280\" height=\"882\" \/><\/a><\/p>\n<p>A prop\u00f3sito de ello, esta ma\u00f1ana se hizo una sencilla inauguraci\u00f3n del nuevo consultorio del que particip\u00f3 personal de varias \u00e1reas, tras lo cual la secretaria de Salud, Andrea Perestiuk, se\u00f1al\u00f3 que \u201ceste es un servicio que el hospital ya ten\u00eda, pero le faltaba su propio espacio que hace a todos los trabajadores que intervienen en el cuidado de la salud integral de la mujer\u201d.<\/p>\n<p>\u201cVa a ser un lugar que va a ir creciendo con el paso del tiempo\u201d expres\u00f3 luego la funcionaria, para dar a conocer que \u201cesto se hizo con todos recursos municipales y con la colaboraci\u00f3n de los trabajadores del hospital, con un rol central del personal de mantenimiento, pero tambi\u00e9n con el personal de enfermer\u00eda, y de mucamas\u00bb.<\/p>\n<p>\u00abEn definitiva todos aportaron su granito de arena para concretar esto, lo que habla de un verdadero trabajo en equipo, bien activo, \u00a0para mejorar cada d\u00eda las instalaciones y as\u00ed brindar atenci\u00f3n de calidad a nuestros ciudadanos\u201d, puntualiz\u00f3.<\/p>\n<p>Por su parte, la directora del Irurzun, Flavia Ag\u00fcero, explic\u00f3 que \u201ceste es un espacio que se viene forjando desde Atenci\u00f3n Primaria que es de donde vengo, done hemos tenido buenos resultados y que por ello lo hemos tra\u00eddo al hospital\u201d.<\/p>\n<p>Acto seguido, admiti\u00f3 que \u201cpara m\u00ed esto es un orgullo y el granito de arena que cada uno suma ac\u00e1 adentro hace que hoy le estemos brindando a la poblaci\u00f3n una atenci\u00f3n mejor en cuanto a salud sexual integral de la mujer se trata, con un mejor y mayor acceso para las personas con posibilidad de gestar\u201d.<\/p>\n<p>Y cerr\u00f3: \u201cEste servicio funcionaba pero iba de consultorio en consultorio y ahora vemos que se va sumando ginecolog\u00eda, obstetricia, y la idea es sumar psicolog\u00eda y poder hacer ac\u00e1 mismo las ecograf\u00edas por ejemplo, con m\u00e1s d\u00edas y carga horaria de atenci\u00f3n y dar m\u00e1s turnos para la realizaci\u00f3n de paps y solicitar estudios ginecol\u00f3gicos\u201d.<\/p>\n<p>&nbsp;<\/p>\n","protected":false},"excerpt":{"rendered":"<p>Este lunes el servicio exclusivo comenz\u00f3 a funcionar a cargo de los profesionales a cargo. Luego de una sencilla inauguraci\u00f3n, la secretaria de Salud, Andrea Perestiuk, resalt\u00f3 que \u201ceste es un servicio que el hospital ya ten\u00eda, pero le faltaba su propio espacio que hace a todos los trabajadores que intervienen en el cuidado de [&hellip;]<\/p>\n","protected":false},"author":3,"featured_media":92415,"comment_status":"closed","ping_status":"closed","sticky":false,"template":"","format":"standard","meta":{"footnotes":""},"categories":[3],"tags":[],"class_list":["post-92413","post","type-post","status-publish","format-standard","has-post-thumbnail","category-masnoticias"],"_links":{"self":[{"href":"https:\/\/primicias2262.com\/noticias\/wp-json\/wp\/v2\/posts\/92413","targetHints":{"allow":["GET"]}}],"collection":[{"href":"https:\/\/primicias2262.com\/noticias\/wp-json\/wp\/v2\/posts"}],"about":[{"href":"https:\/\/primicias2262.com\/noticias\/wp-json\/wp\/v2\/types\/post"}],"author":[{"embeddable":true,"href":"https:\/\/primicias2262.com\/noticias\/wp-json\/wp\/v2\/users\/3"}],"replies":[{"embeddable":true,"href":"https:\/\/primicias2262.com\/noticias\/wp-json\/wp\/v2\/comments?post=92413"}],"version-history":[{"count":0,"href":"https:\/\/primicias2262.com\/noticias\/wp-json\/wp\/v2\/posts\/92413\/revisions"}],"wp:attachment":[{"href":"https:\/\/primicias2262.com\/noticias\/wp-json\/wp\/v2\/media?parent=92413"}],"wp:term":[{"taxonomy":"category","embeddable":true,"href":"https:\/\/primicias2262.com\/noticias\/wp-json\/wp\/v2\/categories?post=92413"},{"taxonomy":"post_tag","embeddable":true,"href":"https:\/\/primicias2262.com\/noticias\/wp-json\/wp\/v2\/tags?post=92413"}],"curies":[{"name":"wp","href":"https:\/\/api.w.org\/{rel}","templated":true}]}}