{"id":92422,"date":"2022-08-09T13:29:52","date_gmt":"2022-08-09T16:29:52","guid":{"rendered":"https:\/\/primicias2262.com\/?p=92422"},"modified":"2022-08-09T13:29:52","modified_gmt":"2022-08-09T16:29:52","slug":"entregaron-mobiliario-para-equipar-aulas-de-cuatro-escuelas","status":"publish","type":"post","link":"https:\/\/primicias2262.com\/noticias\/entregaron-mobiliario-para-equipar-aulas-de-cuatro-escuelas\/","title":{"rendered":"Entregaron mobiliario para equipar aulas de cuatro escuelas"},"content":{"rendered":"<p><strong>La presidenta del Consejo Escolar de Necochea, Silvina Jensen Menna, destac\u00f3 la presencia en la ciudad del director de Producci\u00f3n y Log\u00edstica de la Direcci\u00f3n de Equipamiento Escolar de la Provincia de Buenos Aires, Gustavo D. Aubia, quien lleg\u00f3 con un cami\u00f3n durante la jornada del lunes para equipar cuatro aulas de escuelas locales.<\/strong><\/p>\n<p>La recorrida comenz\u00f3 en la Escuela Primaria N\u00ba 9, luego en la Primaria N\u00ba 6, Escuela T\u00e9cnica N\u00ba 1 y por \u00faltimo la Escuela Primaria N\u00ba 31 de Quequ\u00e9n. Entre las cuatro instituciones se hizo una entrega de mobiliario para cuatro aulas, que hacen un total de 60 bancos y 120 sillas.<\/p>\n<p>Al respecto, Jensen Menna sostuvo que \u201cfue una sensaci\u00f3n hermosa que llegara ese cami\u00f3n, son gestiones que se vienen haciendo desde hace rato desde el Consejo Escolar y Jefatura Distrital, haciendo el pedido de equipamiento porque siempre estamos cortos\u201d.<\/p>\n<p>Acto seguido, la titular del Consejo Escolar se\u00f1al\u00f3 que \u201clos equipos directivos de las escuelas estaban muy felices por recibir equipamiento nuevo, y para nosotros es empezar a saldar deudas que hay con las escuelas\u201d, al tiempo que destac\u00f3 sobre la visita del funcionario Daubia que \u201cno es lo mismo estar en La Plata que ver las realidades en el territorio y \u00e9l quer\u00eda estar ac\u00e1, y a su vez nosotros muy contentos de que nos haya acompa\u00f1ado en cada escuela\u201d.<\/p>\n<p>Adem\u00e1s, anticip\u00f3 que ahora hay un compromiso por parte del municipio de realizar otro traslado para traer m\u00e1s equipamiento, \u201cy eso nos pone muy contentos\u201d, concluy\u00f3.<\/p>\n<p><a href=\"https:\/\/primicias2262.com\/wp-content\/uploads\/2022\/08\/foto-entrega-mobiliario.jpeg\"><img loading=\"lazy\" decoding=\"async\" class=\"aligncenter size-full wp-image-92451\" src=\"https:\/\/primicias2262.com\/wp-content\/uploads\/2022\/08\/foto-entrega-mobiliario.jpeg\" alt=\"\" width=\"1280\" height=\"960\" \/><\/a><\/p>\n","protected":false},"excerpt":{"rendered":"<p>La presidenta del Consejo Escolar de Necochea, Silvina Jensen Menna, destac\u00f3 la presencia en la ciudad del director de Producci\u00f3n y Log\u00edstica de la Direcci\u00f3n de Equipamiento Escolar de la Provincia de Buenos Aires, Gustavo D. Aubia, quien lleg\u00f3 con un cami\u00f3n durante la jornada del lunes para equipar cuatro aulas de escuelas locales. La [&hellip;]<\/p>\n","protected":false},"author":3,"featured_media":92424,"comment_status":"closed","ping_status":"closed","sticky":false,"template":"","format":"standard","meta":{"footnotes":""},"categories":[3],"tags":[],"class_list":["post-92422","post","type-post","status-publish","format-standard","has-post-thumbnail","category-masnoticias"],"_links":{"self":[{"href":"https:\/\/primicias2262.com\/noticias\/wp-json\/wp\/v2\/posts\/92422","targetHints":{"allow":["GET"]}}],"collection":[{"href":"https:\/\/primicias2262.com\/noticias\/wp-json\/wp\/v2\/posts"}],"about":[{"href":"https:\/\/primicias2262.com\/noticias\/wp-json\/wp\/v2\/types\/post"}],"author":[{"embeddable":true,"href":"https:\/\/primicias2262.com\/noticias\/wp-json\/wp\/v2\/users\/3"}],"replies":[{"embeddable":true,"href":"https:\/\/primicias2262.com\/noticias\/wp-json\/wp\/v2\/comments?post=92422"}],"version-history":[{"count":0,"href":"https:\/\/primicias2262.com\/noticias\/wp-json\/wp\/v2\/posts\/92422\/revisions"}],"wp:attachment":[{"href":"https:\/\/primicias2262.com\/noticias\/wp-json\/wp\/v2\/media?parent=92422"}],"wp:term":[{"taxonomy":"category","embeddable":true,"href":"https:\/\/primicias2262.com\/noticias\/wp-json\/wp\/v2\/categories?post=92422"},{"taxonomy":"post_tag","embeddable":true,"href":"https:\/\/primicias2262.com\/noticias\/wp-json\/wp\/v2\/tags?post=92422"}],"curies":[{"name":"wp","href":"https:\/\/api.w.org\/{rel}","templated":true}]}}