{"id":92443,"date":"2022-08-09T14:13:01","date_gmt":"2022-08-09T17:13:01","guid":{"rendered":"https:\/\/primicias2262.com\/?p=92443"},"modified":"2022-08-09T14:13:01","modified_gmt":"2022-08-09T17:13:01","slug":"se-anuncia-un-torneo-regional-de-patin-artistico-para-el-fin-de-semana","status":"publish","type":"post","link":"https:\/\/primicias2262.com\/noticias\/se-anuncia-un-torneo-regional-de-patin-artistico-para-el-fin-de-semana\/","title":{"rendered":"Se anuncia un torneo regional de pat\u00edn art\u00edstico para el fin de semana"},"content":{"rendered":"<p>Se realizar\u00e1 en el CEF de Quequ\u00e9n, con patinadores locales y de numerosos puntos de la regi\u00f3n.<\/p>\n<p>V\u00e1lido por la 3ra fecha de la Asociaci\u00f3n Tandilense de Pat\u00edn, el CEF N\u00ba 76 de Quequ\u00e9n, en 513 y 554, recibir\u00e1 un torneo regional de pat\u00edn art\u00edstico durante los venideros s\u00e1bado 13 y domingo 14 de agosto, bajo la organizaci\u00f3n de Pat\u00edn Art\u00edstico Ave Fenix, que a nivel local representa a la Sociedad Espa\u00f1ola de Necochea<\/p>\n<p>Ambas jornadas comenzar\u00e1n alrededor de las 10 y se extender\u00e1n hasta las 18, y la entrenadora que est\u00e1 al frente de Ave Fenix, Selene Gonz\u00e1lez Guti\u00e9rrez, inform\u00f3 que \u201crecibiremos a unos 200 patinadores de la regi\u00f3n, desde los 6 a\u00f1os a categor\u00eda de adultos, es decir de 25 a\u00f1os para arriba, y vendr\u00e1n de Tandil, Claromec\u00f3, Tres Arroyos, Gonzales Chaves, Lober\u00eda, Benito Ju\u00e1rez y Villa Gesell\u201d.<\/p>\n<p>La actividad cuenta con el apoyo de la Direcci\u00f3n de Deportes de la Municipalidad de Necochea.<\/p>\n","protected":false},"excerpt":{"rendered":"<p>Se realizar\u00e1 en el CEF de Quequ\u00e9n, con patinadores locales y de numerosos puntos de la regi\u00f3n. V\u00e1lido por la 3ra fecha de la Asociaci\u00f3n Tandilense de Pat\u00edn, el CEF N\u00ba 76 de Quequ\u00e9n, en 513 y 554, recibir\u00e1 un torneo regional de pat\u00edn art\u00edstico durante los venideros s\u00e1bado 13 y domingo 14 de agosto, [&hellip;]<\/p>\n","protected":false},"author":3,"featured_media":92444,"comment_status":"closed","ping_status":"closed","sticky":false,"template":"","format":"standard","meta":{"footnotes":""},"categories":[3],"tags":[],"class_list":["post-92443","post","type-post","status-publish","format-standard","has-post-thumbnail","category-masnoticias"],"_links":{"self":[{"href":"https:\/\/primicias2262.com\/noticias\/wp-json\/wp\/v2\/posts\/92443","targetHints":{"allow":["GET"]}}],"collection":[{"href":"https:\/\/primicias2262.com\/noticias\/wp-json\/wp\/v2\/posts"}],"about":[{"href":"https:\/\/primicias2262.com\/noticias\/wp-json\/wp\/v2\/types\/post"}],"author":[{"embeddable":true,"href":"https:\/\/primicias2262.com\/noticias\/wp-json\/wp\/v2\/users\/3"}],"replies":[{"embeddable":true,"href":"https:\/\/primicias2262.com\/noticias\/wp-json\/wp\/v2\/comments?post=92443"}],"version-history":[{"count":0,"href":"https:\/\/primicias2262.com\/noticias\/wp-json\/wp\/v2\/posts\/92443\/revisions"}],"wp:attachment":[{"href":"https:\/\/primicias2262.com\/noticias\/wp-json\/wp\/v2\/media?parent=92443"}],"wp:term":[{"taxonomy":"category","embeddable":true,"href":"https:\/\/primicias2262.com\/noticias\/wp-json\/wp\/v2\/categories?post=92443"},{"taxonomy":"post_tag","embeddable":true,"href":"https:\/\/primicias2262.com\/noticias\/wp-json\/wp\/v2\/tags?post=92443"}],"curies":[{"name":"wp","href":"https:\/\/api.w.org\/{rel}","templated":true}]}}