{"id":92469,"date":"2022-08-10T11:53:51","date_gmt":"2022-08-10T14:53:51","guid":{"rendered":"https:\/\/primicias2262.com\/?p=92469"},"modified":"2022-08-10T11:53:51","modified_gmt":"2022-08-10T14:53:51","slug":"reconocen-en-la-rioja-la-trayectoria-del-periodista-deportivo-santiago-veiga","status":"publish","type":"post","link":"https:\/\/primicias2262.com\/noticias\/reconocen-en-la-rioja-la-trayectoria-del-periodista-deportivo-santiago-veiga\/","title":{"rendered":"Reconocen en La Rioja la trayectoria del periodista deportivo Santiago Veiga"},"content":{"rendered":"<p>En el marco del primer Encuentro de Periodistas Deportivos que se realiza en La Rioja, el periodista local Santiago Oscar Veiga, quien se encuentra invitado como presidente de la Federaci\u00f3n Argentina de Periodistas Deportivos (Faped), recibi\u00f3 un reconocimiento por parte del Concejo Deliberante y el municipio de La Rioja.<\/p>\n<p>A trav\u00e9s de un decreto el Concejo Deliberante de\u00a0La Rioja, entre otros puntos, enmarca la \u201cdestacada trayectoria y compromiso con el \u00e1mbito de la comunicaci\u00f3n social, la radio, televisi\u00f3n y medios escritos como periodista deportivo y docente\u201d.<\/p>\n<p>Adem\u00e1s en dicho decreto se resalta su tarea desde el a\u00f1o 1995 como \u201cdocente de la UTPBA, coordinando cursos de capacitaci\u00f3n en periodismo de investigaci\u00f3n y redacci\u00f3n. En 1998 inici\u00f3 su labor como profesor en DeporTEA (Taller Escuela Argentina) de periodismo\u201d.<\/p>\n<p>Asimismo se menciona que \u201csiendo integrante y fundador de la red de comunicaci\u00f3n de la UTPBA particip\u00f3 activamente en los dos Congresos Mundiales de la Comunicaci\u00f3n\u00a0 que se realizaron, con la adhesi\u00f3n de la FELAP y UNESCO, en Buenos Aires en los a\u00f1os 1997 y 2005\u201d.<\/p>\n<p>En otro de los puntos destacados, se indica que \u201ctuvo activa participaci\u00f3n en la Nueva Ley de Medios de Argentina, brindando charlas, y firm\u00f3, junto a cien periodistas, el reclamo y la necesidad de lo que poco tiempo despu\u00e9s se convertir\u00eda en la Nueva Ley de Medios Audiovisuales 26.522 y su decreto reglamentario, el 1225\/2010, consiguiendo derogar la ley de medios de la dictadura militar\u201d.<\/p>\n<p>Por ellos y otros puntos, el Concejo Deliberante de La Rioja reconoci\u00f3 a Santiago Oscar Veiga \u201cpor su destacada trayectoria, compromiso, desempe\u00f1o profesional y dedicaci\u00f3n<\/p>\n","protected":false},"excerpt":{"rendered":"<p>En el marco del primer Encuentro de Periodistas Deportivos que se realiza en La Rioja, el periodista local Santiago Oscar Veiga, quien se encuentra invitado como presidente de la Federaci\u00f3n Argentina de Periodistas Deportivos (Faped), recibi\u00f3 un reconocimiento por parte del Concejo Deliberante y el municipio de La Rioja. A trav\u00e9s de un decreto el [&hellip;]<\/p>\n","protected":false},"author":3,"featured_media":92471,"comment_status":"closed","ping_status":"closed","sticky":false,"template":"","format":"standard","meta":{"footnotes":""},"categories":[3],"tags":[],"class_list":["post-92469","post","type-post","status-publish","format-standard","has-post-thumbnail","category-masnoticias"],"_links":{"self":[{"href":"https:\/\/primicias2262.com\/noticias\/wp-json\/wp\/v2\/posts\/92469","targetHints":{"allow":["GET"]}}],"collection":[{"href":"https:\/\/primicias2262.com\/noticias\/wp-json\/wp\/v2\/posts"}],"about":[{"href":"https:\/\/primicias2262.com\/noticias\/wp-json\/wp\/v2\/types\/post"}],"author":[{"embeddable":true,"href":"https:\/\/primicias2262.com\/noticias\/wp-json\/wp\/v2\/users\/3"}],"replies":[{"embeddable":true,"href":"https:\/\/primicias2262.com\/noticias\/wp-json\/wp\/v2\/comments?post=92469"}],"version-history":[{"count":0,"href":"https:\/\/primicias2262.com\/noticias\/wp-json\/wp\/v2\/posts\/92469\/revisions"}],"wp:attachment":[{"href":"https:\/\/primicias2262.com\/noticias\/wp-json\/wp\/v2\/media?parent=92469"}],"wp:term":[{"taxonomy":"category","embeddable":true,"href":"https:\/\/primicias2262.com\/noticias\/wp-json\/wp\/v2\/categories?post=92469"},{"taxonomy":"post_tag","embeddable":true,"href":"https:\/\/primicias2262.com\/noticias\/wp-json\/wp\/v2\/tags?post=92469"}],"curies":[{"name":"wp","href":"https:\/\/api.w.org\/{rel}","templated":true}]}}