{"id":92473,"date":"2022-08-10T12:00:57","date_gmt":"2022-08-10T15:00:57","guid":{"rendered":"https:\/\/primicias2262.com\/?p=92473"},"modified":"2022-08-10T12:00:57","modified_gmt":"2022-08-10T15:00:57","slug":"marcada-expectativa-en-el-turismo-por-las-variadas-actividades-del-segundo-semestre","status":"publish","type":"post","link":"https:\/\/primicias2262.com\/noticias\/marcada-expectativa-en-el-turismo-por-las-variadas-actividades-del-segundo-semestre\/","title":{"rendered":"Marcada expectativa en el turismo por las variadas actividades del segundo semestre"},"content":{"rendered":"<p>Durante una nota telef\u00f3nica con el programa \u201cVoces de la Ciudad\u201d, el secretario municipal de Desarrollo Productivo y Turismo, Mat\u00edas Sierra, enumer\u00f3 varias de las actividades del rubro tur\u00edstico que se vienen a corto y mediano plaza, algunos organizados por la comuna y otros de gran envergadura en los que se acompa\u00f1a a la parte organizativa.<\/p>\n<p>Ante una consulta del periodista Jorge G\u00f3mez en tal sentido, el funcionario reconoci\u00f3 primeramente \u201ca veces no se puede hacer mucho cuando se mira la situaci\u00f3n econ\u00f3mica arriba, entonces no nos queda otra que mirar un poco nuestro ombligo, y ya estamos trabajando para que lo ser\u00e1 el Safari en Costa Bonita, durante el \u00faltimo fin de semana de agosto, lo cual pensamos que va a tener una buena convocatoria\u201d.<\/p>\n<p>El Safari vuelve a nuestra ciudad tras siete a\u00f1os, es organizado por el Autom\u00f3vil Club Argentino (ACA), y se lanzar\u00e1 el s\u00e1bado 27 a partir de las 18 con salida simb\u00f3lica desde la plaza del centro.<\/p>\n<p>Adem\u00e1s, Sierra anticip\u00f3 que \u201cen lo comercial estamos trabajando desde el \u00e1rea de Cultura para presentar un decorado en la parte del microcentro, tanto para las fiestas de aniversario como para la Navidad\u201d, y a prop\u00f3sito del aniversario de Necochea en octubre, mencion\u00f3 que \u201cya estamos delineando las actividades de lo que ser\u00e1 una buena movida durante cuatro d\u00edas, del 7 al 10\u201d.<\/p>\n<p>En cuanto al acompa\u00f1amiento instituciones y privados, Sierra refiri\u00f3 tambi\u00e9n que \u201cestamos en contacto con Pablo Meana, exl\u00edbero de la selecci\u00f3n Nacional de v\u00f3ley, de cara al mega evento \u201cOpen Neco\u201d, ya que ser\u00e1n m\u00e1s de 120 equipos de v\u00f3ley que vendr\u00e1n a Necochea y se necesitan canchas\u201d, y \u201ccon los magistrados, que ser\u00e1n alrededor de 2.000 para las olimpiadas de octubre, lo cual calza justo con el aniversario de la ciudad y trataremos de estar a la altura de los dos eventos , por la magnitud de gente que lleva uno y otro\u201d.<\/p>\n<p>En tanto, mirando las \u00faltimas estad\u00edsticas y refiri\u00e9ndose a la relaci\u00f3n con el sector privado, Sierra se\u00f1al\u00f3 que \u201csi una mira tanto en vacaciones de invierno recientes como en las del pasado verano, desde lo tur\u00edstico vemos valores que son realmente importantes, pero la gente est\u00e1 dispuesto a pagarlos, y por eso hubo un 70% en invierno y siempre estamos a pleno durante el verano\u201d.<\/p>\n<p>Finalmente, el secretario asegur\u00f3 que \u201cel turismo es una industria poderosa, generadora de empleo, pero en otras partes hay sectores que se conjugan con otras ofertas tur\u00edsticas, por ejemplo un hotel puede arreglar su oferta con los balnearios, y entonces tenemos que empezar a jugar en ese sentido tambi\u00e9n y ofrecer algo de eso al turista, porque lo que falta es oferta tur\u00edstica, y el municipio est\u00e1 apostando fuerte al turismo\u201d.<\/p>\n","protected":false},"excerpt":{"rendered":"<p>Durante una nota telef\u00f3nica con el programa \u201cVoces de la Ciudad\u201d, el secretario municipal de Desarrollo Productivo y Turismo, Mat\u00edas Sierra, enumer\u00f3 varias de las actividades del rubro tur\u00edstico que se vienen a corto y mediano plaza, algunos organizados por la comuna y otros de gran envergadura en los que se acompa\u00f1a a la parte [&hellip;]<\/p>\n","protected":false},"author":3,"featured_media":91872,"comment_status":"closed","ping_status":"closed","sticky":false,"template":"","format":"standard","meta":{"footnotes":""},"categories":[3],"tags":[],"class_list":["post-92473","post","type-post","status-publish","format-standard","has-post-thumbnail","category-masnoticias"],"_links":{"self":[{"href":"https:\/\/primicias2262.com\/noticias\/wp-json\/wp\/v2\/posts\/92473","targetHints":{"allow":["GET"]}}],"collection":[{"href":"https:\/\/primicias2262.com\/noticias\/wp-json\/wp\/v2\/posts"}],"about":[{"href":"https:\/\/primicias2262.com\/noticias\/wp-json\/wp\/v2\/types\/post"}],"author":[{"embeddable":true,"href":"https:\/\/primicias2262.com\/noticias\/wp-json\/wp\/v2\/users\/3"}],"replies":[{"embeddable":true,"href":"https:\/\/primicias2262.com\/noticias\/wp-json\/wp\/v2\/comments?post=92473"}],"version-history":[{"count":0,"href":"https:\/\/primicias2262.com\/noticias\/wp-json\/wp\/v2\/posts\/92473\/revisions"}],"wp:attachment":[{"href":"https:\/\/primicias2262.com\/noticias\/wp-json\/wp\/v2\/media?parent=92473"}],"wp:term":[{"taxonomy":"category","embeddable":true,"href":"https:\/\/primicias2262.com\/noticias\/wp-json\/wp\/v2\/categories?post=92473"},{"taxonomy":"post_tag","embeddable":true,"href":"https:\/\/primicias2262.com\/noticias\/wp-json\/wp\/v2\/tags?post=92473"}],"curies":[{"name":"wp","href":"https:\/\/api.w.org\/{rel}","templated":true}]}}