{"id":92475,"date":"2022-08-10T12:14:02","date_gmt":"2022-08-10T15:14:02","guid":{"rendered":"https:\/\/primicias2262.com\/?p=92475"},"modified":"2022-08-10T12:14:02","modified_gmt":"2022-08-10T15:14:02","slug":"convocan-a-talleristas-para-participar-del-centro-cultural-de-las-infancias","status":"publish","type":"post","link":"https:\/\/primicias2262.com\/noticias\/convocan-a-talleristas-para-participar-del-centro-cultural-de-las-infancias\/","title":{"rendered":"Convocan a talleristas para participar del Centro Cultural de las Infancias"},"content":{"rendered":"<p>El Centro Cultural Necochea Biblioteca Popular Andr\u00e9s Ferreyra (CCN\/BPAF) y El Jinete Azul convocan a talleristas que est\u00e9n interesados en presentar propuestas para participar de la V edici\u00f3n del Centro Cultural de las Infancias que se realizar\u00e1 en octubre.<\/p>\n<p>Los proyectos se recibir\u00e1n hasta el 30 de septiembre, y pueden abarcar distintas disciplinas que van desde pintura, cocina, escultura, m\u00fasica, juegos, origami, danzas, teatro, radio, deportes etc.<\/p>\n<p>Hay que tener en cuenta que las propuestas tienen que estar dise\u00f1adas exclusivamente para el p\u00fablico infantil desde una mirada integradora y muticultural.<\/p>\n<p>El Centro Cultural de las Infancias es una coproducci\u00f3n del CCN\/BPAF y El Jinete Azul, siendo la presentaci\u00f3n de este a\u00f1o la quinta edici\u00f3n.<\/p>\n<p>Cabe recordar que la primera se realiz\u00f3 en a\u00f1o 2016, mientras que las otras tres, en los a\u00f1os consecutivos. En todos los eventos, se cont\u00f3 con gran participaci\u00f3n del p\u00fablico.<br \/>\nEn esta oportunidad, se apunta a redoblar la apuesta incorporando nuevas propuestas e ideas innovadoras.<\/p>\n<p>Los interesados pueden acercarse al CCN\/BPAF de lunes a viernes, de 15:00 a 19:00 horas, calle 54 entre 61 y 63.<\/p>\n","protected":false},"excerpt":{"rendered":"<p>El Centro Cultural Necochea Biblioteca Popular Andr\u00e9s Ferreyra (CCN\/BPAF) y El Jinete Azul convocan a talleristas que est\u00e9n interesados en presentar propuestas para participar de la V edici\u00f3n del Centro Cultural de las Infancias que se realizar\u00e1 en octubre. Los proyectos se recibir\u00e1n hasta el 30 de septiembre, y pueden abarcar distintas disciplinas que van [&hellip;]<\/p>\n","protected":false},"author":3,"featured_media":92476,"comment_status":"closed","ping_status":"closed","sticky":false,"template":"","format":"standard","meta":{"footnotes":""},"categories":[3],"tags":[],"class_list":["post-92475","post","type-post","status-publish","format-standard","has-post-thumbnail","category-masnoticias"],"_links":{"self":[{"href":"https:\/\/primicias2262.com\/noticias\/wp-json\/wp\/v2\/posts\/92475","targetHints":{"allow":["GET"]}}],"collection":[{"href":"https:\/\/primicias2262.com\/noticias\/wp-json\/wp\/v2\/posts"}],"about":[{"href":"https:\/\/primicias2262.com\/noticias\/wp-json\/wp\/v2\/types\/post"}],"author":[{"embeddable":true,"href":"https:\/\/primicias2262.com\/noticias\/wp-json\/wp\/v2\/users\/3"}],"replies":[{"embeddable":true,"href":"https:\/\/primicias2262.com\/noticias\/wp-json\/wp\/v2\/comments?post=92475"}],"version-history":[{"count":0,"href":"https:\/\/primicias2262.com\/noticias\/wp-json\/wp\/v2\/posts\/92475\/revisions"}],"wp:attachment":[{"href":"https:\/\/primicias2262.com\/noticias\/wp-json\/wp\/v2\/media?parent=92475"}],"wp:term":[{"taxonomy":"category","embeddable":true,"href":"https:\/\/primicias2262.com\/noticias\/wp-json\/wp\/v2\/categories?post=92475"},{"taxonomy":"post_tag","embeddable":true,"href":"https:\/\/primicias2262.com\/noticias\/wp-json\/wp\/v2\/tags?post=92475"}],"curies":[{"name":"wp","href":"https:\/\/api.w.org\/{rel}","templated":true}]}}