{"id":92478,"date":"2022-08-10T12:29:06","date_gmt":"2022-08-10T15:29:06","guid":{"rendered":"https:\/\/primicias2262.com\/?p=92478"},"modified":"2022-08-10T12:29:06","modified_gmt":"2022-08-10T15:29:06","slug":"desde-el-inicio-de-agosto-rige-un-aumento-del-15-de-gnc-en-las-estaciones-de-servicio","status":"publish","type":"post","link":"https:\/\/primicias2262.com\/noticias\/desde-el-inicio-de-agosto-rige-un-aumento-del-15-de-gnc-en-las-estaciones-de-servicio\/","title":{"rendered":"Desde el inicio de agosto rige un aumento del 15% de GNC en las estaciones de servicio"},"content":{"rendered":"<p>Acerca de este tema se refiri\u00f3 el empresario local, Jos\u00e9 Luis Arrate, titular del Grupo Arrate, quien dej\u00f3 en claro que el aumento es igual para toda la regi\u00f3n y actualmente el metro c\u00fabico de Gas Natural Comprimido pas\u00f3 a costar 90 pesos.<\/p>\n<p>En la ma\u00f1ana de \u201cVoces de la Ciudad\u201d, el empresario expres\u00f3 v\u00eda telef\u00f3nica ante la consulta del periodista Jorge G\u00f3mez que \u201cla Secretar\u00eda de Energ\u00eda hace un a\u00f1o dict\u00f3 c\u00f3mo iba a ser el ajuste de precios, y los precios del GNC que aplican nuestros distintos proveedores son todos uniformes, se actualizan por un lado trimestralmente, se aumenta el porcentaje que incide sobre la nafta s\u00faper al precio de YPF, y por otro lado cada vez que aumenta la nafta s\u00faper impacta en esta\u201d.<\/p>\n<p>Explicado ese contexto, Arrate confirm\u00f3 que \u201centramos en agosto en un trimestre de aumentos. Mar del Plata el lunes ya aplic\u00f3 una tarifa y luego el resto de las localidades, como Necochea ayer, Balcarce, Tres Arroyos y toda la zona, y hoy estamos en un precio uniforme para toda la regi\u00f3n de $ 89,99 la carga de GNC\u201d.<\/p>\n<p>Adem\u00e1s, esgrimi\u00f3 que \u201ctrimestralmente los proveedores de gas aumentan el porcentaje sobre la nafta s\u00faper que cobran, sumado a eso un gran componente que tiene el despacho de GNC es la energ\u00eda el\u00e9ctrica, es un consumo importante, y la energ\u00eda el\u00e9ctrica local nos ha impactado a las estaciones de servicio en un aumento del 35% en la factura\u201d.<\/p>\n<p>En tanto, al recibir el comentario de que el precio del GNC cada vez est\u00e1 m\u00e1s cerca del de la nafta s\u00faper, Arrate dijo que \u201ces correcto, los precios de la nafta est\u00e1n sujetos a YPF y est\u00e1 perdiendo mucho dinero mensualmente, y ese dinero lo pierde la Naci\u00f3n argentina y todos los argentinos, consuman nafta o no\u201d.<\/p>\n","protected":false},"excerpt":{"rendered":"<p>Acerca de este tema se refiri\u00f3 el empresario local, Jos\u00e9 Luis Arrate, titular del Grupo Arrate, quien dej\u00f3 en claro que el aumento es igual para toda la regi\u00f3n y actualmente el metro c\u00fabico de Gas Natural Comprimido pas\u00f3 a costar 90 pesos. En la ma\u00f1ana de \u201cVoces de la Ciudad\u201d, el empresario expres\u00f3 v\u00eda [&hellip;]<\/p>\n","protected":false},"author":3,"featured_media":77016,"comment_status":"closed","ping_status":"closed","sticky":false,"template":"","format":"standard","meta":{"footnotes":""},"categories":[3],"tags":[],"class_list":["post-92478","post","type-post","status-publish","format-standard","has-post-thumbnail","category-masnoticias"],"_links":{"self":[{"href":"https:\/\/primicias2262.com\/noticias\/wp-json\/wp\/v2\/posts\/92478","targetHints":{"allow":["GET"]}}],"collection":[{"href":"https:\/\/primicias2262.com\/noticias\/wp-json\/wp\/v2\/posts"}],"about":[{"href":"https:\/\/primicias2262.com\/noticias\/wp-json\/wp\/v2\/types\/post"}],"author":[{"embeddable":true,"href":"https:\/\/primicias2262.com\/noticias\/wp-json\/wp\/v2\/users\/3"}],"replies":[{"embeddable":true,"href":"https:\/\/primicias2262.com\/noticias\/wp-json\/wp\/v2\/comments?post=92478"}],"version-history":[{"count":0,"href":"https:\/\/primicias2262.com\/noticias\/wp-json\/wp\/v2\/posts\/92478\/revisions"}],"wp:attachment":[{"href":"https:\/\/primicias2262.com\/noticias\/wp-json\/wp\/v2\/media?parent=92478"}],"wp:term":[{"taxonomy":"category","embeddable":true,"href":"https:\/\/primicias2262.com\/noticias\/wp-json\/wp\/v2\/categories?post=92478"},{"taxonomy":"post_tag","embeddable":true,"href":"https:\/\/primicias2262.com\/noticias\/wp-json\/wp\/v2\/tags?post=92478"}],"curies":[{"name":"wp","href":"https:\/\/api.w.org\/{rel}","templated":true}]}}