{"id":92480,"date":"2022-08-11T11:10:18","date_gmt":"2022-08-11T14:10:18","guid":{"rendered":"https:\/\/primicias2262.com\/?p=92480"},"modified":"2022-08-11T11:10:18","modified_gmt":"2022-08-11T14:10:18","slug":"el-movimiento-evita-solicita-que-se-restablezca-el-mural-en-homenaje-a-taraborelli","status":"publish","type":"post","link":"https:\/\/primicias2262.com\/noticias\/el-movimiento-evita-solicita-que-se-restablezca-el-mural-en-homenaje-a-taraborelli\/","title":{"rendered":"El Movimiento Evita solicita que se restablezca el mural en homenaje a Taraborelli"},"content":{"rendered":"<p><strong>La Mesa Pol\u00edtica del Movimiento Evita Necochea, solicita al intendente Arturo Rojas que se restablezca el mural en homenaje al otrora intendente del retorno a la Democracia, Domingo Jos\u00e9 Taraborelli, el cual fuera realizado por los reconocidos artistas, Hernan Ricaldoni y Sim\u00f3n Achem, y emplazado en el Sal\u00f3n de Actos Municipal en el 24\u00b0 aniversario de su fallecimiento, el 13 de agosto de 2012.<\/strong><\/p>\n<p>Desde el Movimiento Evita, esgrimieron que \u00abcreemos necesario recuperar y revalorizar el patrimonio cultural de todos los necochenses, en el camino de la construcci\u00f3n de nuestra memoria colectiva como Distrito\u00bb.<\/p>\n<p><strong>A continuaci\u00f3n la nota presentada en hora del mediod\u00eda por Mesa de Entrada de la Municipalidad.<\/strong><\/p>\n<p>Necochea 9 de agosto de 2022<\/p>\n<p>Intendente Municipal<\/p>\n<ol>\n<li>Arturo Rojas<\/li>\n<\/ol>\n<p>De nuestra mayor consideraci\u00f3n<\/p>\n<p>Nos dirigimos a usted al conmemorarse un nuevo aniversario del fallecimiento del Intendente Domingo Taraborelli este 13 de agosto con un motivo en particular.<\/p>\n<p>Como es de p\u00fablico conocimiento el Sal\u00f3n Blanco de la Municipalidad de Necochea lleva el nombre \u00abIntendente Domingo Jos\u00e9 Taraborelli\u00bb bajo Ordenanza 6324\/08 del a\u00f1o 2008. Y que por tal motivo el 13 de agosto de 2012 al cumplirse el 22\u00b0\u00a0 aniversario de esa lamentable fecha se inaugur\u00f3 una pintura mural realizada por los artistas, Hernan Ricaldoni y Simon Achem, la cual tras remodelaciones y acondicionamientos del sal\u00f3n fue removida, desconociendo hoy su paradero.<\/p>\n<p>Por ello solicitamos a usted pueda arbitrar los medios ante quien corresponda para volver a emplazar dicho mural en el Sal\u00f3n de Actos.<\/p>\n<p>Mural que adem\u00e1s\u00a0 de tener un valor est\u00e9tico, tiene un valor simb\u00f3lico para el conjunto de la poblaci\u00f3n por representar al Intendente del retorno de la democracia, que hasta nuestros d\u00edas guarda un gran aprecio y cari\u00f1o en el sentir popular por la impronta de su obra como Intendente del Distrito de Necochea. Uno de sus creadores, Hernan Ricaldoni expres\u00f3, en 2012 a trav\u00e9s del Bolet\u00edn Oficial\u00a0 sobre el significado de su obra, <em>\u201cen un tramo figura una parte que significa el lado oscuro de la dictadura, del que el pa\u00eds estaba saliendo, del otro lado la imagen de Taraborelli con una sonrisa en su rostro, con el brazo derecho levantado, marcando con dos de sus dedos la V de la victoria, con la gente aplaudi\u00e9ndolo y viv\u00e1ndolo por su trabajo\u201d.<\/em><\/p>\n<p>Sin otro particular saludamos atentamente y quedamos a su entera disposici\u00f3n<\/p>\n<p>MESA POL\u00cdTICA DEL MOVIMIENTO EVITA NECOCHEA<\/p>\n<p>Luciano Lescano<\/p>\n<p>Roc\u00edo Mateo<\/p>\n<p>Luciano Cardoni<\/p>\n<p>Diego Britos<\/p>\n<p>Patricia Aranda<\/p>\n<p>Cristian Sierra<\/p>\n<p>Violeta Perez Rosso<\/p>\n<p>Franco Cuello<\/p>\n<p>Tabata Bellizi<\/p>\n<p>Camila Guzm\u00e1n<\/p>\n<p>Carola Su\u00e1rez<\/p>\n<p>Juan Viguri<\/p>\n<p>Romina Duarte<\/p>\n<p>Patricio Parada<\/p>\n","protected":false},"excerpt":{"rendered":"<p>La Mesa Pol\u00edtica del Movimiento Evita Necochea, solicita al intendente Arturo Rojas que se restablezca el mural en homenaje al otrora intendente del retorno a la Democracia, Domingo Jos\u00e9 Taraborelli, el cual fuera realizado por los reconocidos artistas, Hernan Ricaldoni y Sim\u00f3n Achem, y emplazado en el Sal\u00f3n de Actos Municipal en el 24\u00b0 aniversario [&hellip;]<\/p>\n","protected":false},"author":3,"featured_media":92481,"comment_status":"closed","ping_status":"closed","sticky":false,"template":"","format":"standard","meta":{"footnotes":""},"categories":[3],"tags":[],"class_list":["post-92480","post","type-post","status-publish","format-standard","has-post-thumbnail","category-masnoticias"],"_links":{"self":[{"href":"https:\/\/primicias2262.com\/noticias\/wp-json\/wp\/v2\/posts\/92480","targetHints":{"allow":["GET"]}}],"collection":[{"href":"https:\/\/primicias2262.com\/noticias\/wp-json\/wp\/v2\/posts"}],"about":[{"href":"https:\/\/primicias2262.com\/noticias\/wp-json\/wp\/v2\/types\/post"}],"author":[{"embeddable":true,"href":"https:\/\/primicias2262.com\/noticias\/wp-json\/wp\/v2\/users\/3"}],"replies":[{"embeddable":true,"href":"https:\/\/primicias2262.com\/noticias\/wp-json\/wp\/v2\/comments?post=92480"}],"version-history":[{"count":0,"href":"https:\/\/primicias2262.com\/noticias\/wp-json\/wp\/v2\/posts\/92480\/revisions"}],"wp:attachment":[{"href":"https:\/\/primicias2262.com\/noticias\/wp-json\/wp\/v2\/media?parent=92480"}],"wp:term":[{"taxonomy":"category","embeddable":true,"href":"https:\/\/primicias2262.com\/noticias\/wp-json\/wp\/v2\/categories?post=92480"},{"taxonomy":"post_tag","embeddable":true,"href":"https:\/\/primicias2262.com\/noticias\/wp-json\/wp\/v2\/tags?post=92480"}],"curies":[{"name":"wp","href":"https:\/\/api.w.org\/{rel}","templated":true}]}}