{"id":92507,"date":"2022-08-11T13:41:04","date_gmt":"2022-08-11T16:41:04","guid":{"rendered":"https:\/\/primicias2262.com\/?p=92507"},"modified":"2022-08-11T13:41:04","modified_gmt":"2022-08-11T16:41:04","slug":"fioramonti-palpito-la-inauguracion-en-loberia-de-la-planta-de-separacion-de-residuos","status":"publish","type":"post","link":"https:\/\/primicias2262.com\/noticias\/fioramonti-palpito-la-inauguracion-en-loberia-de-la-planta-de-separacion-de-residuos\/","title":{"rendered":"Fioramonti palpit\u00f3 la inauguraci\u00f3n en Lober\u00eda de la planta de separaci\u00f3n de residuos"},"content":{"rendered":"<p><strong>\u201cEs un viejo anhelo que ten\u00edamos los loberenses\u201d, afirm\u00f3 el intendente Juan Jos\u00e9 Fioramonti, acerca de este suceso de gran envergadura que se anuncia para este viernes.<\/strong><\/p>\n<p>Este viernes 12 de agosto, se inaugurar\u00e1 la planta de separaci\u00f3n de residuos de Lober\u00eda en el Sector de Materiales Recuperables (Semar) \u201cH\u00e9ctor \u00c1lvarez\u201d. El acto se desarrollar\u00e1 a las 11 en las instalaciones ubicadas en el Km. 3 del camino Lober\u00eda-El Moro-Las Nutrias, y se trata de una planta que podr\u00e1 procesar hasta 3 toneladas de residuos s\u00f3lidos urbanos por hora.<\/p>\n<p>En virtud de ello, el periodista Jorge G\u00f3mez dialog\u00f3 en el aire de \u201cVoces de la Ciudad\u201d con Fioramonti, quien se\u00f1al\u00f3 que \u201cla planta es un elemento m\u00e1s dentro de un proyecto llamado econom\u00eda circular y es un viejo anhelo que ten\u00edamos lo loberenses. Es participaci\u00f3n ciudadana, si el ciudadano entiende que debe separar en origen y cu\u00e1l es el fundamento por el cual lo hacemos y la sustentabilidad de los espacios p\u00fablicos, esto nos va a dar calidad de vida\u201d.<\/p>\n<p>A\u00f1adi\u00f3 a ello que \u201cla planta de separaci\u00f3n es un gesto que tenemos entre todos para decir qu\u00e9 hacemos con esto: lo transformamos, y c\u00f3mo lo transformamos, a trav\u00e9s del conocimiento y de las oportunidades que nos da la tecnolog\u00eda hoy y que no podemos desaprovechar\u201d.<\/p>\n<p>Asimismo, englob\u00f3 el Intendente que \u201cesto se suma al sistema educativo, porque los mejores cuidadores del medio ambiente son nuestros chicos: ellos nos educan porque nosotros estamos llenos de muchas malas pr\u00e1cticas por desconocimiento o falta de est\u00edmulos, pero los chicos desde el sistema educativo van a trabajar y tambi\u00e9n ser\u00e1n convocadas las organizaciones barriales para separar en origen\u201d.<\/p>\n<p>La planta de separaci\u00f3n de residuos permitir\u00e1 continuar avanzando para lograr una Lober\u00eda sustentable, reduciendo el n\u00famero de desechos y aumentando la recuperaci\u00f3n para su reciclaje. Est\u00e1 alojada en un galp\u00f3n de 12 por 30 metros, recientemente construido y acondicionado para tal fin.<\/p>\n<p>En el Semar, se depositan pl\u00e1stico, papel, cart\u00f3n, vidrio y latas que son recolectados mediante la iniciativa Jueves Verdes para su reciclaje. El lugar tambi\u00e9n cuenta con sectores para el acopio de neum\u00e1ticos, restos de poda, y envases de agroqu\u00edmicos con triple lavado e inutilizados. Este lugar fue creado como una de las pol\u00edticas p\u00fablicas implementadas en pos de un distrito que cuida el ambiente y ahora, contar con la planta de separaci\u00f3n, significa un avance clave en ese sentido.<\/p>\n","protected":false},"excerpt":{"rendered":"<p>\u201cEs un viejo anhelo que ten\u00edamos los loberenses\u201d, afirm\u00f3 el intendente Juan Jos\u00e9 Fioramonti, acerca de este suceso de gran envergadura que se anuncia para este viernes. Este viernes 12 de agosto, se inaugurar\u00e1 la planta de separaci\u00f3n de residuos de Lober\u00eda en el Sector de Materiales Recuperables (Semar) \u201cH\u00e9ctor \u00c1lvarez\u201d. El acto se desarrollar\u00e1 [&hellip;]<\/p>\n","protected":false},"author":3,"featured_media":92508,"comment_status":"closed","ping_status":"closed","sticky":false,"template":"","format":"standard","meta":{"footnotes":""},"categories":[3],"tags":[],"class_list":["post-92507","post","type-post","status-publish","format-standard","has-post-thumbnail","category-masnoticias"],"_links":{"self":[{"href":"https:\/\/primicias2262.com\/noticias\/wp-json\/wp\/v2\/posts\/92507","targetHints":{"allow":["GET"]}}],"collection":[{"href":"https:\/\/primicias2262.com\/noticias\/wp-json\/wp\/v2\/posts"}],"about":[{"href":"https:\/\/primicias2262.com\/noticias\/wp-json\/wp\/v2\/types\/post"}],"author":[{"embeddable":true,"href":"https:\/\/primicias2262.com\/noticias\/wp-json\/wp\/v2\/users\/3"}],"replies":[{"embeddable":true,"href":"https:\/\/primicias2262.com\/noticias\/wp-json\/wp\/v2\/comments?post=92507"}],"version-history":[{"count":0,"href":"https:\/\/primicias2262.com\/noticias\/wp-json\/wp\/v2\/posts\/92507\/revisions"}],"wp:attachment":[{"href":"https:\/\/primicias2262.com\/noticias\/wp-json\/wp\/v2\/media?parent=92507"}],"wp:term":[{"taxonomy":"category","embeddable":true,"href":"https:\/\/primicias2262.com\/noticias\/wp-json\/wp\/v2\/categories?post=92507"},{"taxonomy":"post_tag","embeddable":true,"href":"https:\/\/primicias2262.com\/noticias\/wp-json\/wp\/v2\/tags?post=92507"}],"curies":[{"name":"wp","href":"https:\/\/api.w.org\/{rel}","templated":true}]}}