{"id":92510,"date":"2022-08-12T12:00:13","date_gmt":"2022-08-12T15:00:13","guid":{"rendered":"https:\/\/primicias2262.com\/?p=92510"},"modified":"2022-08-12T12:00:13","modified_gmt":"2022-08-12T15:00:13","slug":"notable-actuacion-de-karatecas-locales-en-santa-clara-del-mar","status":"publish","type":"post","link":"https:\/\/primicias2262.com\/noticias\/notable-actuacion-de-karatecas-locales-en-santa-clara-del-mar\/","title":{"rendered":"Notable actuaci\u00f3n de karatecas locales en Santa Clara del Mar"},"content":{"rendered":"<p style=\"font-weight: 400;\"><strong>En el contexto del gran presente que transitan las artes marciales practicadas en nuestra ciudad, karatecas necochenses participaron del 48\u00b0 Torneo Provincial Copa \u201cEduardo Maugeri\u201d, llevado a cabo el pasado s\u00e1bado 6 de agosto en Santa Clara del Mar.<\/strong><\/p>\n<p style=\"font-weight: 400;\">Los dirigidos por el Sensei Julio Dolimpio (4\u00b0 Dan) pertenecientes a los Dojos Sochin y Shinobu (Club Ameghino) conquistaron los puestos m\u00e1s altos del podio, obteniendo los siguientes logros:<\/p>\n<p style=\"font-weight: 400;\"><strong>Medalla de Oro:\u00a0<\/strong> Parson, Rosa (2\u00b0 Dan), modalidad Katas (Formas)<\/p>\n<p style=\"font-weight: 400;\">\u00a0 \u00a0 \u00a0 \u00a0 \u00a0 \u00a0 \u00a0 \u00a0 \u00a0 \u00a0 \u00a0 \u00a0 \u00a0 \u00a0 Go\u00f1i, Juan Ignacio, modalidad Kumite (combate)<\/p>\n<p style=\"font-weight: 400;\"><strong>Medalla de Plata:<\/strong>\u00a0 Gavil\u00e1n, Jonathan, modalidad Kata (Formas) y Kumite (Combate)<\/p>\n<p style=\"font-weight: 400;\"><strong>Medalla de Bronce:<\/strong> Ceglie, Luca, modalidad Kumite (Combate)<\/p>\n<p style=\"font-weight: 400;\">De la competencia form\u00f3 parte\u00a0 adem\u00e1s el joven Pedro Arias, de destacada actuaci\u00f3n, distingui\u00e9ndose junto a sus compa\u00f1eros frente a m\u00e1s de 300 competidores provenientes de todos los rincones de la provincia, demostrando el\u00a0 alto nivel de los karatecas necochenses en una de las competencias m\u00e1s importantes del calendario provincial.<\/p>\n","protected":false},"excerpt":{"rendered":"<p>En el contexto del gran presente que transitan las artes marciales practicadas en nuestra ciudad, karatecas necochenses participaron del 48\u00b0 Torneo Provincial Copa \u201cEduardo Maugeri\u201d, llevado a cabo el pasado s\u00e1bado 6 de agosto en Santa Clara del Mar. Los dirigidos por el Sensei Julio Dolimpio (4\u00b0 Dan) pertenecientes a los Dojos Sochin y Shinobu [&hellip;]<\/p>\n","protected":false},"author":3,"featured_media":92512,"comment_status":"closed","ping_status":"closed","sticky":false,"template":"","format":"standard","meta":{"footnotes":""},"categories":[3],"tags":[],"class_list":["post-92510","post","type-post","status-publish","format-standard","has-post-thumbnail","category-masnoticias"],"_links":{"self":[{"href":"https:\/\/primicias2262.com\/noticias\/wp-json\/wp\/v2\/posts\/92510","targetHints":{"allow":["GET"]}}],"collection":[{"href":"https:\/\/primicias2262.com\/noticias\/wp-json\/wp\/v2\/posts"}],"about":[{"href":"https:\/\/primicias2262.com\/noticias\/wp-json\/wp\/v2\/types\/post"}],"author":[{"embeddable":true,"href":"https:\/\/primicias2262.com\/noticias\/wp-json\/wp\/v2\/users\/3"}],"replies":[{"embeddable":true,"href":"https:\/\/primicias2262.com\/noticias\/wp-json\/wp\/v2\/comments?post=92510"}],"version-history":[{"count":0,"href":"https:\/\/primicias2262.com\/noticias\/wp-json\/wp\/v2\/posts\/92510\/revisions"}],"wp:attachment":[{"href":"https:\/\/primicias2262.com\/noticias\/wp-json\/wp\/v2\/media?parent=92510"}],"wp:term":[{"taxonomy":"category","embeddable":true,"href":"https:\/\/primicias2262.com\/noticias\/wp-json\/wp\/v2\/categories?post=92510"},{"taxonomy":"post_tag","embeddable":true,"href":"https:\/\/primicias2262.com\/noticias\/wp-json\/wp\/v2\/tags?post=92510"}],"curies":[{"name":"wp","href":"https:\/\/api.w.org\/{rel}","templated":true}]}}