{"id":92511,"date":"2022-08-11T13:58:09","date_gmt":"2022-08-11T16:58:09","guid":{"rendered":"https:\/\/primicias2262.com\/?p=92511"},"modified":"2022-08-11T13:58:09","modified_gmt":"2022-08-11T16:58:09","slug":"lopez-relativizo-el-hecho-de-llevar-los-sueldos-al-dia-sigue-sin-entender-nada","status":"publish","type":"post","link":"https:\/\/primicias2262.com\/noticias\/lopez-relativizo-el-hecho-de-llevar-los-sueldos-al-dia-sigue-sin-entender-nada\/","title":{"rendered":"\u201cL\u00f3pez relativiz\u00f3 el hecho de llevar los sueldos al d\u00eda, sigue sin entender nada\u201d"},"content":{"rendered":"<p>As\u00ed lo afirm\u00f3 el secretario adjunto del Sindicato de Trabajadores Municipales, Gast\u00f3n D\u00edaz, cuando se le pregunt\u00f3 en el programa \u201cVoces de la Ciudad\u201d si se hab\u00eda hecho eco de las declaraciones de Facundo L\u00f3pez durante los \u00faltimos d\u00edas, quien afirm\u00f3 que hab\u00eda vecinos que le ped\u00edan que vuelva ser intendente.<\/p>\n<p>\u201cHe escuchado sus declaraciones y en un momento como que relativiz\u00f3 el hecho de llevar los sueldos al d\u00eda, y entonces pienso que sigue sin entender nada, porque si hay algo que no pod\u00e9s relativizar es estar al d\u00eda con los trabajadores, que son tu herramienta de gobierno\u201d, expres\u00f3 al inicio el gremialista.<\/p>\n<p>Acto seguido, argument\u00f3 que \u201cel intendente ejecuta, busca recursos, planifica y gestiona, pero las prestaciones diarias las hacemos los trabajadores: el que cuida la seguridad, corta el pasto, limpia la ciudad o cuida el tr\u00e1nsito es el trabajador, y si no cumpl\u00eds con el trabajador, \u00e9ste no responde y no se puede brindar ning\u00fan servicio\u201d.<\/p>\n<p>Por ello, valor\u00f3 la relaci\u00f3n actual con el Departamento Ejecutivo, liderado por el intendente Arturo Rojas, al se\u00f1alar que \u201cla palabra est\u00e1 por sobre todas las cosas, incluso en el contexto que estamos viviendo actualmente, con la inflaci\u00f3n que nos absorbe a todos y nos lic\u00faa sueldos todo el tiempo. Tenemos diferencias con el Ejecutivo y de hecho el acuerdo de paritarias no fue f\u00e1cil ni se dio en total armon\u00eda, pero todo lo que hemos acordado se ha cumplido\u201d.<\/p>\n<p>A\u00f1adi\u00f3 que \u201ceso no nos pasaba con el gobierno de L\u00f3pez, ya que en los puntos que coincid\u00edamos despu\u00e9s no se cumpl\u00eda, por eso la palabra es importante. Siempre van a hacer falta cosas porque las necesidades de los compa\u00f1eros son muchas y los recursos son pocos, pero hoy dentro de lo que se pacta se cumple y eso es important\u00edsimo\u201d.<\/p>\n<p>Finalmente, record\u00f3 que \u201ces de p\u00fablico conocimiento que la relaci\u00f3n no fue buena con L\u00f3pez porque hubo incumplimientos de donde quieras mirar en la relaci\u00f3n empleador trabajador. Fue lamentable, no se pagaba en t\u00e9rmino, hab\u00eda paros constantes y hasta represi\u00f3n policial que termin\u00f3 en compa\u00f1eros con heridas y hospitalizados\u201d.<\/p>\n","protected":false},"excerpt":{"rendered":"<p>As\u00ed lo afirm\u00f3 el secretario adjunto del Sindicato de Trabajadores Municipales, Gast\u00f3n D\u00edaz, cuando se le pregunt\u00f3 en el programa \u201cVoces de la Ciudad\u201d si se hab\u00eda hecho eco de las declaraciones de Facundo L\u00f3pez durante los \u00faltimos d\u00edas, quien afirm\u00f3 que hab\u00eda vecinos que le ped\u00edan que vuelva ser intendente. \u201cHe escuchado sus declaraciones [&hellip;]<\/p>\n","protected":false},"author":3,"featured_media":91683,"comment_status":"closed","ping_status":"closed","sticky":false,"template":"","format":"standard","meta":{"footnotes":""},"categories":[3],"tags":[],"class_list":["post-92511","post","type-post","status-publish","format-standard","has-post-thumbnail","category-masnoticias"],"_links":{"self":[{"href":"https:\/\/primicias2262.com\/noticias\/wp-json\/wp\/v2\/posts\/92511","targetHints":{"allow":["GET"]}}],"collection":[{"href":"https:\/\/primicias2262.com\/noticias\/wp-json\/wp\/v2\/posts"}],"about":[{"href":"https:\/\/primicias2262.com\/noticias\/wp-json\/wp\/v2\/types\/post"}],"author":[{"embeddable":true,"href":"https:\/\/primicias2262.com\/noticias\/wp-json\/wp\/v2\/users\/3"}],"replies":[{"embeddable":true,"href":"https:\/\/primicias2262.com\/noticias\/wp-json\/wp\/v2\/comments?post=92511"}],"version-history":[{"count":0,"href":"https:\/\/primicias2262.com\/noticias\/wp-json\/wp\/v2\/posts\/92511\/revisions"}],"wp:attachment":[{"href":"https:\/\/primicias2262.com\/noticias\/wp-json\/wp\/v2\/media?parent=92511"}],"wp:term":[{"taxonomy":"category","embeddable":true,"href":"https:\/\/primicias2262.com\/noticias\/wp-json\/wp\/v2\/categories?post=92511"},{"taxonomy":"post_tag","embeddable":true,"href":"https:\/\/primicias2262.com\/noticias\/wp-json\/wp\/v2\/tags?post=92511"}],"curies":[{"name":"wp","href":"https:\/\/api.w.org\/{rel}","templated":true}]}}