{"id":92517,"date":"2022-08-12T12:21:50","date_gmt":"2022-08-12T15:21:50","guid":{"rendered":"https:\/\/primicias2262.com\/?p=92517"},"modified":"2022-08-12T12:21:50","modified_gmt":"2022-08-12T15:21:50","slug":"martin-migueles-junto-a-maria-eugenia-vidal-y-hernan-lombardi","status":"publish","type":"post","link":"https:\/\/primicias2262.com\/noticias\/martin-migueles-junto-a-maria-eugenia-vidal-y-hernan-lombardi\/","title":{"rendered":"Mart\u00edn M\u00edgueles junto a Mar\u00eda Eugenia Vidal  y Hern\u00e1n Lombardi"},"content":{"rendered":"<p><strong>Por Jorge G\u00f3mez<\/strong><\/p>\n<p>El precandidato a intendente de Necochea, doctor M\u00edgueles, particip\u00f3 este jueves por la noche de un encuentro en Mar del Plata de la Fundaci\u00f3n Pensar, ocasi\u00f3n en la que departi\u00f3 sobre el presente y futuro de nuestro distrito con la actual diputada nacional y ex gobernadora de la Provincia de Buenos Aires, Mar\u00eda Eugenia Vidal y con el diputado nacional Hern\u00e1n Lombardi, entre otros participantes de la reuni\u00f3n.<\/p>\n<p>Lombardi tiene previsto visitar Necochea a mediados de septiembre pr\u00f3ximo, para compartir con Mart\u00edn Migueles el armado de iniciativas y de planes tur\u00edsticos que ser\u00edan parte de la propuesta municipal electoral que presentar\u00e1 en los comicios de 2023 el abogado local.<\/p>\n","protected":false},"excerpt":{"rendered":"<p>Por Jorge G\u00f3mez El precandidato a intendente de Necochea, doctor M\u00edgueles, particip\u00f3 este jueves por la noche de un encuentro en Mar del Plata de la Fundaci\u00f3n Pensar, ocasi\u00f3n en la que departi\u00f3 sobre el presente y futuro de nuestro distrito con la actual diputada nacional y ex gobernadora de la Provincia de Buenos Aires, [&hellip;]<\/p>\n","protected":false},"author":3,"featured_media":92518,"comment_status":"closed","ping_status":"closed","sticky":false,"template":"","format":"standard","meta":{"footnotes":""},"categories":[3],"tags":[],"class_list":["post-92517","post","type-post","status-publish","format-standard","has-post-thumbnail","category-masnoticias"],"_links":{"self":[{"href":"https:\/\/primicias2262.com\/noticias\/wp-json\/wp\/v2\/posts\/92517","targetHints":{"allow":["GET"]}}],"collection":[{"href":"https:\/\/primicias2262.com\/noticias\/wp-json\/wp\/v2\/posts"}],"about":[{"href":"https:\/\/primicias2262.com\/noticias\/wp-json\/wp\/v2\/types\/post"}],"author":[{"embeddable":true,"href":"https:\/\/primicias2262.com\/noticias\/wp-json\/wp\/v2\/users\/3"}],"replies":[{"embeddable":true,"href":"https:\/\/primicias2262.com\/noticias\/wp-json\/wp\/v2\/comments?post=92517"}],"version-history":[{"count":0,"href":"https:\/\/primicias2262.com\/noticias\/wp-json\/wp\/v2\/posts\/92517\/revisions"}],"wp:attachment":[{"href":"https:\/\/primicias2262.com\/noticias\/wp-json\/wp\/v2\/media?parent=92517"}],"wp:term":[{"taxonomy":"category","embeddable":true,"href":"https:\/\/primicias2262.com\/noticias\/wp-json\/wp\/v2\/categories?post=92517"},{"taxonomy":"post_tag","embeddable":true,"href":"https:\/\/primicias2262.com\/noticias\/wp-json\/wp\/v2\/tags?post=92517"}],"curies":[{"name":"wp","href":"https:\/\/api.w.org\/{rel}","templated":true}]}}