{"id":92520,"date":"2022-08-12T12:26:15","date_gmt":"2022-08-12T15:26:15","guid":{"rendered":"https:\/\/primicias2262.com\/?p=92520"},"modified":"2022-08-12T12:26:15","modified_gmt":"2022-08-12T15:26:15","slug":"topo-rodriguez-quequen-es-la-localidad-portuaria-mas-discriminada-de-argentina","status":"publish","type":"post","link":"https:\/\/primicias2262.com\/noticias\/topo-rodriguez-quequen-es-la-localidad-portuaria-mas-discriminada-de-argentina\/","title":{"rendered":"\u00abTopo\u00bb Rodr\u00edguez: \u201cQuequ\u00e9n es la localidad portuaria m\u00e1s discriminada de Argentina\u201d"},"content":{"rendered":"<p>El diputado nacional y presidente del Interbloque Federal, Alejandro \u201cTopo\u201d Rodr\u00edguez, estuvo de visita en Necochea y Quequ\u00e9n y durante su estad\u00eda en la ciudad pas\u00f3 por los estudios de \u201cVoces de la Ciudad\u201d, donde expres\u00f3 como urgente la necesidad de colocar a Quequ\u00e9n en la gesti\u00f3n nacional.<\/p>\n<p>Ante la requisitoria del periodista Jorge G\u00f3mez, Rodr\u00edguez no dud\u00f3 en afirmar que \u201clos gobernantes provinciales no tienen ni idea del riesgo que significa para la operatoria portuaria tener un Quequ\u00e9n abandonado, de segunda, con hombres y mujeres que no son considerados como lo importante que son para Argentina, como todo puerto estrat\u00e9gico\u201d.<\/p>\n<p>\u201cHay mucha falta de compromiso por parte de la Provincia\u201d, insisti\u00f3, para enfatizar que \u201cQuequ\u00e9n es la localidad portuaria m\u00e1s discriminada de Argentina, no s\u00e9 si con intenci\u00f3n, pero creo que es por haraganer\u00eda que nadie se arremanga y viene a ver la realidad de Quequ\u00e9n hoy, y me parece importante que el gobierno provincial se anticipe y tome conciencia de que estamos en una situaci\u00f3n delicada en Quequ\u00e9n y es hora de que se empiecen a tratar sus cuestiones de fondo\u201d.<\/p>\n<p>Por ende, \u201cTopo\u201d manifest\u00f3 que \u201ces muy importante que Necochea entienda que Quequ\u00e9n no es un tema local, sino nacional, por la importancia estrat\u00e9gica de Quequ\u00e9n. Por lo tanto los proyectos para el desarrollo portuario; la inserci\u00f3n ferroviaria para mejorar la capacidad log\u00edstica; y avanzar en el transporte multimodal tiene que ser una causa de una regi\u00f3n, de una suma de municipios, y no hay que ir a pedir a la Provincia, sino comprometer al gobernador de la Provincia con un proyecto para ir juntos a la Naci\u00f3n y llevarlo como bandera para lograr esos avances\u201d.<\/p>\n<p><strong>Planta de efluentes cloacales<\/strong><\/p>\n<p>Y si de cuestiones de fondo se trata, a Rodr\u00edguez se le consult\u00f3 acerca de la ansieda y esperada Planta Depuradora de Efluentes Cloacales para Quequ\u00e9n, acerca de lo que dej\u00f3 entrever que \u201cen las \u00faltimas horas tuve una charla con una autoridad del ENOHSA, N\u00e9stor \u00c1lvarez, quien me adelant\u00f3 que est\u00e1n muy bien encaminados en consolidar la fuente de financiamiento de esa obra, que es muy grande\u201d.<\/p>\n<p>\u201cHasta ahora hab\u00edan estado pensando en la alternativa de financiarlo mediante el BID (Banco Interamericano de Desarrollo), pero surgi\u00f3 en los \u00faltimos meses otra alternativa de financiamiento internacional que tiene la ventaja que financiar\u00eda la obra completa y no por tramos\u201d, a\u00f1adi\u00f3 de manera extraoficial el diputado, para concluir que \u201cel gobierno tom\u00f3 nota de que este es un tema importante y est\u00e1 trabajando para consolidar el financiamiento, no se ha perdido de la vista prioritaria\u201d.<\/p>\n<p>Finalmente, se\u00f1al\u00f3 que \u201ccuando un gobierno nacional como el actual no aprueba el presupuesto, es vez de perjudicarse se beneficia porque se queda con gastos viejos e ingresos nuevos, entonces lo que no hay que aceptar es que digan que tal o cual obra no se hace porque no se aprob\u00f3 el presupuesto, eso no es cierto, es una excusa, porque el Estado contin\u00faa recibiendo recursos de forma permanente\u201d.<\/p>\n","protected":false},"excerpt":{"rendered":"<p>El diputado nacional y presidente del Interbloque Federal, Alejandro \u201cTopo\u201d Rodr\u00edguez, estuvo de visita en Necochea y Quequ\u00e9n y durante su estad\u00eda en la ciudad pas\u00f3 por los estudios de \u201cVoces de la Ciudad\u201d, donde expres\u00f3 como urgente la necesidad de colocar a Quequ\u00e9n en la gesti\u00f3n nacional. Ante la requisitoria del periodista Jorge G\u00f3mez, [&hellip;]<\/p>\n","protected":false},"author":3,"featured_media":92521,"comment_status":"closed","ping_status":"closed","sticky":false,"template":"","format":"standard","meta":{"footnotes":""},"categories":[3],"tags":[],"class_list":["post-92520","post","type-post","status-publish","format-standard","has-post-thumbnail","category-masnoticias"],"_links":{"self":[{"href":"https:\/\/primicias2262.com\/noticias\/wp-json\/wp\/v2\/posts\/92520","targetHints":{"allow":["GET"]}}],"collection":[{"href":"https:\/\/primicias2262.com\/noticias\/wp-json\/wp\/v2\/posts"}],"about":[{"href":"https:\/\/primicias2262.com\/noticias\/wp-json\/wp\/v2\/types\/post"}],"author":[{"embeddable":true,"href":"https:\/\/primicias2262.com\/noticias\/wp-json\/wp\/v2\/users\/3"}],"replies":[{"embeddable":true,"href":"https:\/\/primicias2262.com\/noticias\/wp-json\/wp\/v2\/comments?post=92520"}],"version-history":[{"count":0,"href":"https:\/\/primicias2262.com\/noticias\/wp-json\/wp\/v2\/posts\/92520\/revisions"}],"wp:attachment":[{"href":"https:\/\/primicias2262.com\/noticias\/wp-json\/wp\/v2\/media?parent=92520"}],"wp:term":[{"taxonomy":"category","embeddable":true,"href":"https:\/\/primicias2262.com\/noticias\/wp-json\/wp\/v2\/categories?post=92520"},{"taxonomy":"post_tag","embeddable":true,"href":"https:\/\/primicias2262.com\/noticias\/wp-json\/wp\/v2\/tags?post=92520"}],"curies":[{"name":"wp","href":"https:\/\/api.w.org\/{rel}","templated":true}]}}