{"id":92523,"date":"2022-08-13T16:50:54","date_gmt":"2022-08-13T19:50:54","guid":{"rendered":"https:\/\/primicias2262.com\/?p=92523"},"modified":"2022-08-13T16:50:54","modified_gmt":"2022-08-13T19:50:54","slug":"el-delegado-de-claraz-hablo-sobre-las-obras-hechas-y-las-que-estan-por-llegar-al-pueblo","status":"publish","type":"post","link":"https:\/\/primicias2262.com\/noticias\/el-delegado-de-claraz-hablo-sobre-las-obras-hechas-y-las-que-estan-por-llegar-al-pueblo\/","title":{"rendered":"El delegado de Claraz habl\u00f3 sobre las obras hechas y las que est\u00e1n por llegar al pueblo"},"content":{"rendered":"<p>El delegado municipal, Jos\u00e9 Garc\u00eda, hizo un repaso de las cuestiones en las que avanz\u00f3 la localidad de Claraz en los \u00faltimos a\u00f1os y cont\u00f3 que se vienen importantes concreciones respecto a luminarias y extensi\u00f3n de agua potable.<\/p>\n<p>A trav\u00e9s de una charla telef\u00f3nica en \u201cVoces de la Ciudad\u201d, en rigor de verdad el funcionario fue consultado acerca de las luminarias Led colocadas en el paraje La Negra, pero tambi\u00e9n aprovech\u00f3 para mencionar el reciente repaso de gesti\u00f3n que realiz\u00f3 el intendente Arturo Rojas con su equipo en la Asociaci\u00f3n Vecinal de Fomento de Claraz.<\/p>\n<p><a href=\"https:\/\/primicias2262.com\/wp-content\/uploads\/2022\/08\/Claraz.jpg\"><img loading=\"lazy\" decoding=\"async\" class=\"aligncenter size-full wp-image-92525\" src=\"https:\/\/primicias2262.com\/wp-content\/uploads\/2022\/08\/Claraz.jpg\" alt=\"\" width=\"1280\" height=\"853\" \/><\/a><\/p>\n<p>Sobre esto \u00faltimo, asegur\u00f3 Garc\u00eda que \u201cla gente est\u00e1 muy agradecida, creo que esto tendr\u00eda que ser muy com\u00fan, y Arturo (Rojas) lo est\u00e1 haciendo as\u00ed, que los funcionarios le demos explicaciones a los vecinos de lo que se est\u00e1 haciendo y lo que se va a hacer con la plata que ellos pagan, y ac\u00e1 los vecinos est\u00e1n muy contentos, es muy importante rendir cuentas\u201d.<\/p>\n<p>Agreg\u00f3 a ello que \u201cestoy muy contento porque los vecinos se acercaron y pudieron hablar con el propio intendente. Se estuvo hablando de todo el entoscado de m\u00e1s de 90 cuadras, de la apertura de calles y de la extensi\u00f3n de agua que hubo y que habr\u00e1 dentro de poco detr\u00e1s de la Unidad Sanitaria, barrios adonde no ha llegado el agua potable y era un deseo del Intendente que gran parte de Claraz cuente con ese servicio tan necesario\u201d.<\/p>\n<p>Otro aspecto que mencion\u00f3 Garc\u00eda es el avance en la limpieza de terrenos, \u201calgo en lo que nos dio una mano la empresa Norcam, que era la que estaba haciendo el alteo de la Ruta 80; nos ha quedado mucha mugre que estamos empezando a juntar y queremos estar preparados para la primavera verano y mantener bien el pasto\u201d.<\/p>\n<p>Mientras tanto, sobre lo pendiente anticip\u00f3 el delgado que \u201cpara este a\u00f1o resta la colocaci\u00f3n de luminarias nuevas, ya que Claraz estaba bastante oscuro, por ah\u00ed hab\u00eda luces en las esquinas y en las cuadras no, as\u00ed que se van a colocar varias luminarias a mitad de cuadra y tambi\u00e9n alg\u00fan recambio puede haber\u201d, a lo que a\u00f1adi\u00f3 que \u201cest\u00e1 por llegar una obra de pluviales para empezar a darle desag\u00fce al pueblo, ya que con el entoscado el agua se queda y hay que empezar a darle salida, seguramente se har\u00e1 con el Ente Vial que siempre nos da una mano\u201d.<\/p>\n<p>A la hora de referirse al paraje La Negra y la colocaci\u00f3n de luces Led, Garc\u00eda referenci\u00f3 que \u201cse hizo un pedido desde la Delegaci\u00f3n, hab\u00eda hablado con Arturo (Rojas) y obvio que \u00e9l quer\u00eda llegar con las luminarias Led a todos lados, incluido Estaci\u00f3n La Negra, lo m\u00e1s alejado del distrito y lindante casi con Benito Ju\u00e1rez, donde hay unas 10 casas entre la propia estaci\u00f3n y la planta de acopio Redolatti e Hijos S.A., donde trabaja la mayor\u00eda de las personas que viven en La Negra\u201d.<\/p>\n","protected":false},"excerpt":{"rendered":"<p>El delegado municipal, Jos\u00e9 Garc\u00eda, hizo un repaso de las cuestiones en las que avanz\u00f3 la localidad de Claraz en los \u00faltimos a\u00f1os y cont\u00f3 que se vienen importantes concreciones respecto a luminarias y extensi\u00f3n de agua potable. A trav\u00e9s de una charla telef\u00f3nica en \u201cVoces de la Ciudad\u201d, en rigor de verdad el funcionario [&hellip;]<\/p>\n","protected":false},"author":3,"featured_media":92524,"comment_status":"closed","ping_status":"closed","sticky":false,"template":"","format":"standard","meta":{"footnotes":""},"categories":[3],"tags":[],"class_list":["post-92523","post","type-post","status-publish","format-standard","has-post-thumbnail","category-masnoticias"],"_links":{"self":[{"href":"https:\/\/primicias2262.com\/noticias\/wp-json\/wp\/v2\/posts\/92523","targetHints":{"allow":["GET"]}}],"collection":[{"href":"https:\/\/primicias2262.com\/noticias\/wp-json\/wp\/v2\/posts"}],"about":[{"href":"https:\/\/primicias2262.com\/noticias\/wp-json\/wp\/v2\/types\/post"}],"author":[{"embeddable":true,"href":"https:\/\/primicias2262.com\/noticias\/wp-json\/wp\/v2\/users\/3"}],"replies":[{"embeddable":true,"href":"https:\/\/primicias2262.com\/noticias\/wp-json\/wp\/v2\/comments?post=92523"}],"version-history":[{"count":0,"href":"https:\/\/primicias2262.com\/noticias\/wp-json\/wp\/v2\/posts\/92523\/revisions"}],"wp:attachment":[{"href":"https:\/\/primicias2262.com\/noticias\/wp-json\/wp\/v2\/media?parent=92523"}],"wp:term":[{"taxonomy":"category","embeddable":true,"href":"https:\/\/primicias2262.com\/noticias\/wp-json\/wp\/v2\/categories?post=92523"},{"taxonomy":"post_tag","embeddable":true,"href":"https:\/\/primicias2262.com\/noticias\/wp-json\/wp\/v2\/tags?post=92523"}],"curies":[{"name":"wp","href":"https:\/\/api.w.org\/{rel}","templated":true}]}}