{"id":92527,"date":"2022-08-12T12:45:07","date_gmt":"2022-08-12T15:45:07","guid":{"rendered":"https:\/\/primicias2262.com\/?p=92527"},"modified":"2022-08-12T12:45:07","modified_gmt":"2022-08-12T15:45:07","slug":"fijaron-para-el-31-de-agosto-la-fecha-de-normalizacion-de-la-cgt-necochea","status":"publish","type":"post","link":"https:\/\/primicias2262.com\/noticias\/fijaron-para-el-31-de-agosto-la-fecha-de-normalizacion-de-la-cgt-necochea\/","title":{"rendered":"Fijaron para el 31 de agosto la fecha de normalizaci\u00f3n de la CGT Necochea"},"content":{"rendered":"<p>As\u00ed lo anunci\u00f3 el secretario General de la Confederaci\u00f3n General de Trabajo local, Demian Ledesma, quien adem\u00e1s confirm\u00f3 que el venidero mi\u00e9rcoles 17 de agosto viajar\u00e1n a Buenos Aires para ser parte de la marcha independiente de la CGT.<\/p>\n<p>Durante un fragmento del programa \u201cVoces de la Ciudad\u201d, Ledesma confirm\u00f3 que \u201cviajamos a Buenos Aires y hablamos con Horacio Otero de la UOM, quien est\u00e1 a cargo de las normalizaciones, y nos fij\u00f3 fecha de normalizaci\u00f3n para el 31 del mes corriente, as\u00ed que nos juntamos con los compa\u00f1eros para darle el informe y a su vez tocamos el tema de la movilizaci\u00f3n del mi\u00e9rcoles 17, para organizarnos y viajar\u201d.<\/p>\n<p>Con respecto al tema de la normalizaci\u00f3n a fin de mes, Ledesma dej\u00f3 entrever que se est\u00e1 tratando de coordinar las presencias de Pablo Moyano de la CGT y Sergio Palazzo de La Bancaria, aunque sintetiz\u00f3 que \u201clas agendas de los compa\u00f1eros en la conducci\u00f3n nacional son dif\u00edciles de hacerlas coincidir con las nuestras, aunque haremos el esfuerzo\u201d.<\/p>\n<p>En vistas a la marcha del 17 A, se recuerda que, seg\u00fan lo plantearon en la declaraci\u00f3n difundida el pasado 5 de agosto, \u201cla jornada tendr\u00e1 como una de sus principales banderas, adem\u00e1s de la denuncia del ajuste del gobierno y el FMI, un inmediato aumento de salarios, jubilaciones y ayuda social\u201d.<\/p>\n","protected":false},"excerpt":{"rendered":"<p>As\u00ed lo anunci\u00f3 el secretario General de la Confederaci\u00f3n General de Trabajo local, Demian Ledesma, quien adem\u00e1s confirm\u00f3 que el venidero mi\u00e9rcoles 17 de agosto viajar\u00e1n a Buenos Aires para ser parte de la marcha independiente de la CGT. Durante un fragmento del programa \u201cVoces de la Ciudad\u201d, Ledesma confirm\u00f3 que \u201cviajamos a Buenos Aires [&hellip;]<\/p>\n","protected":false},"author":3,"featured_media":92528,"comment_status":"closed","ping_status":"closed","sticky":false,"template":"","format":"standard","meta":{"footnotes":""},"categories":[3],"tags":[],"class_list":["post-92527","post","type-post","status-publish","format-standard","has-post-thumbnail","category-masnoticias"],"_links":{"self":[{"href":"https:\/\/primicias2262.com\/noticias\/wp-json\/wp\/v2\/posts\/92527","targetHints":{"allow":["GET"]}}],"collection":[{"href":"https:\/\/primicias2262.com\/noticias\/wp-json\/wp\/v2\/posts"}],"about":[{"href":"https:\/\/primicias2262.com\/noticias\/wp-json\/wp\/v2\/types\/post"}],"author":[{"embeddable":true,"href":"https:\/\/primicias2262.com\/noticias\/wp-json\/wp\/v2\/users\/3"}],"replies":[{"embeddable":true,"href":"https:\/\/primicias2262.com\/noticias\/wp-json\/wp\/v2\/comments?post=92527"}],"version-history":[{"count":0,"href":"https:\/\/primicias2262.com\/noticias\/wp-json\/wp\/v2\/posts\/92527\/revisions"}],"wp:attachment":[{"href":"https:\/\/primicias2262.com\/noticias\/wp-json\/wp\/v2\/media?parent=92527"}],"wp:term":[{"taxonomy":"category","embeddable":true,"href":"https:\/\/primicias2262.com\/noticias\/wp-json\/wp\/v2\/categories?post=92527"},{"taxonomy":"post_tag","embeddable":true,"href":"https:\/\/primicias2262.com\/noticias\/wp-json\/wp\/v2\/tags?post=92527"}],"curies":[{"name":"wp","href":"https:\/\/api.w.org\/{rel}","templated":true}]}}