{"id":92544,"date":"2022-08-12T14:45:57","date_gmt":"2022-08-12T17:45:57","guid":{"rendered":"https:\/\/primicias2262.com\/?p=92544"},"modified":"2022-08-12T14:45:57","modified_gmt":"2022-08-12T17:45:57","slug":"rivero-taraborelli-fue-un-simbolo-de-transparencia-y-honestidad-en-la-gestion","status":"publish","type":"post","link":"https:\/\/primicias2262.com\/noticias\/rivero-taraborelli-fue-un-simbolo-de-transparencia-y-honestidad-en-la-gestion\/","title":{"rendered":"Rivero: \u201cTaraborelli fue un s\u00edmbolo de transparencia y honestidad en la gesti\u00f3n\u201d"},"content":{"rendered":"<p>En la v\u00edspera de un nuevo aniversario del fallecimiento del exintendente Domingo Taraborelli, el presidente del Partido Justicialista local, Marcelo Rivero, pas\u00f3 por los estudios de \u201cVoces de la Ciudad\u201d y no s\u00f3lo record\u00f3 la figura de \u201cCoco\u201d, sino que invit\u00f3 a la comunidad a ser parte del homenaje que se le rendir\u00e1 este s\u00e1bado a partir de las 11.30 en la Municipalidad.<\/p>\n<p>Este s\u00e1bado 13 de agosto se cumplen 34 a\u00f1os del fatal accidente en la Ruta 88 que se llev\u00f3 la vida del por entonces intendente de Necochea, Domingo Jos\u00e9 Taraborelli, y en ese contexto se lo homenajear\u00e1 en la Municipalidad con el descubrimiento de una placa conmemorativa a su figura en el Sal\u00f3n de Actos de la comuna que lleva su nombre, en el 2\u00ba piso.<\/p>\n<p>Quien fuera director de Turismo a sus j\u00f3venes 23 a\u00f1os en la administraci\u00f3n de Taraborelli, y actual presidente del PJ local, Marcelo Rivero, dialog\u00f3 con Jorge G\u00f3mez y expres\u00f3 que \u201cinvitamos a todos los simpatizantes del peronismo y que conocieron a Coco, a todos sus colaboradores y militantes, y tambi\u00e9n a quienes no conocieron a esta figura tan importante del peronismo y la ciudad, a descubrir una placa\u00bb.<\/p>\n<p>\u00abLuego haremos una mesa redonda junto a exfuncionarios, colaboradores y concejales del peronismo de aquella \u00e9poca para que nos cuentan sus vivencias y an\u00e9cdotas con Coco\u201d. expres\u00f3.<\/p>\n<p>A\u00f1adi\u00f3 que \u201cCoco fue un s\u00edmbolo por la transparencia y honestidad de la gesti\u00f3n, con obras que a\u00fan tienen vigencia\u201d, afirm\u00f3 Rivero, como \u201cel frente costero u obras en los barrios. Gobernaba para todos, para el m\u00e1s necesitado. Muchos barrios tuvieron acceso a las cloacas, agua y asfalto, por ello consideramos que fue el mejor intendente que tuvo Necochea, seguramente en la etapa democr\u00e1tica, pero tambi\u00e9n de los mejores de la historia de la ciudad\u201d.<\/p>\n<p>Asimismo, sigui\u00f3 pintando el perfil de Taraborelli al rememorar con cari\u00f1o que \u201cCoco era cabr\u00f3n, pero conciliador y hombre de di\u00e1logo. Gobernaba para todos, ten\u00eda un gran compromiso ideol\u00f3gico con la causa nacional y popular, y c\u00f3mo ser\u00edan sus convicciones que cuando vino a veranear Jos\u00e9 Mart\u00ednez de Hoz (ministro de Econom\u00eda de la Dictadura) lo declar\u00f3 persona no grata\u00bb.<\/p>\n<p>En ese sentido consider\u00f3 que ten\u00eda la convicci\u00f3n de que ten\u00eda que gobernar para todos los sectores: independientes, del campo, del comercio, del puerto; y todos hallaban en \u00e9l a un buen interlocutor\u201d.<\/p>\n<p>Finalmente, \u201cChelo\u201d Rivero resalt\u00f3 que \u201cTaraborelli adem\u00e1s de ser un hombre valiente, de di\u00e1logo, consenso y de mucha gesti\u00f3n, era profundamente honesto, ten\u00eda una \u00e9tica intachable y si bien hab\u00eda autos oficiales, \u00e9l iba siempre en su auto, incluso fallece en su auto. Cuando hay figuras como la de Coco creo que vale la pena dejar de lado las bander\u00edas pol\u00edticas y ponernos detr\u00e1s de lo que fue un gran hombre, un gran intendente y un gran gestor de la pol\u00edtica de Necochea, y que le rindamos su justo y merecido homenaje\u201d.<\/p>\n","protected":false},"excerpt":{"rendered":"<p>En la v\u00edspera de un nuevo aniversario del fallecimiento del exintendente Domingo Taraborelli, el presidente del Partido Justicialista local, Marcelo Rivero, pas\u00f3 por los estudios de \u201cVoces de la Ciudad\u201d y no s\u00f3lo record\u00f3 la figura de \u201cCoco\u201d, sino que invit\u00f3 a la comunidad a ser parte del homenaje que se le rendir\u00e1 este s\u00e1bado [&hellip;]<\/p>\n","protected":false},"author":3,"featured_media":92545,"comment_status":"closed","ping_status":"closed","sticky":false,"template":"","format":"standard","meta":{"footnotes":""},"categories":[3],"tags":[],"class_list":["post-92544","post","type-post","status-publish","format-standard","has-post-thumbnail","category-masnoticias"],"_links":{"self":[{"href":"https:\/\/primicias2262.com\/noticias\/wp-json\/wp\/v2\/posts\/92544","targetHints":{"allow":["GET"]}}],"collection":[{"href":"https:\/\/primicias2262.com\/noticias\/wp-json\/wp\/v2\/posts"}],"about":[{"href":"https:\/\/primicias2262.com\/noticias\/wp-json\/wp\/v2\/types\/post"}],"author":[{"embeddable":true,"href":"https:\/\/primicias2262.com\/noticias\/wp-json\/wp\/v2\/users\/3"}],"replies":[{"embeddable":true,"href":"https:\/\/primicias2262.com\/noticias\/wp-json\/wp\/v2\/comments?post=92544"}],"version-history":[{"count":0,"href":"https:\/\/primicias2262.com\/noticias\/wp-json\/wp\/v2\/posts\/92544\/revisions"}],"wp:attachment":[{"href":"https:\/\/primicias2262.com\/noticias\/wp-json\/wp\/v2\/media?parent=92544"}],"wp:term":[{"taxonomy":"category","embeddable":true,"href":"https:\/\/primicias2262.com\/noticias\/wp-json\/wp\/v2\/categories?post=92544"},{"taxonomy":"post_tag","embeddable":true,"href":"https:\/\/primicias2262.com\/noticias\/wp-json\/wp\/v2\/tags?post=92544"}],"curies":[{"name":"wp","href":"https:\/\/api.w.org\/{rel}","templated":true}]}}