{"id":92560,"date":"2022-08-13T17:39:22","date_gmt":"2022-08-13T20:39:22","guid":{"rendered":"https:\/\/primicias2262.com\/?p=92560"},"modified":"2022-08-13T17:39:22","modified_gmt":"2022-08-13T20:39:22","slug":"wilgenhoff-pidio-una-autocritica-del-frente-de-todos-y-califico-de-buena-a-la-gestion-de-rojas","status":"publish","type":"post","link":"https:\/\/primicias2262.com\/noticias\/wilgenhoff-pidio-una-autocritica-del-frente-de-todos-y-califico-de-buena-a-la-gestion-de-rojas\/","title":{"rendered":"Wilgenhoff pidi\u00f3 una autocr\u00edtica del Frente de Todos y calific\u00f3 de buena a la gesti\u00f3n de Rojas"},"content":{"rendered":"<p>El presidente del Club Ministerio, Mario Wilgenhoff, dej\u00f3 por un rato su rol institucional y como afiliado al Partido Justicialista y actor pol\u00edtico dedic\u00f3 algunos p\u00e1rrafos a la actualidad econ\u00f3mica y pol\u00edtica nacional, y por supuesto local, donde ponder\u00f3 a la gesti\u00f3n del intendente Arturo Rojas: \u201cMe gusta reconocer las cosas cuando las hacen bien y veo que hay una gesti\u00f3n en marcha\u201d, se\u00f1al\u00f3.<\/p>\n<p>Aprovechando su presencia en los estudios de \u201cVoces de la Ciudad\u201d por cuestiones vinculadas a Ministerio, el periodista Jorge G\u00f3mez le consult\u00f3 a Wilgenhoff acerca de su mirada de la actualidad e inici\u00f3 con un enfoque macro al apuntar que \u201csi lo vemos desde el punto de vista econ\u00f3mico, Sergio Massa le inyect\u00f3 un poco de aire fresco al gobierno, pero faltan medidas, la s\u00e1bana sigue siendo corta y la inflaci\u00f3n es muy grande\u201d.<\/p>\n<p>Incluso, afirm\u00f3 que \u201chay que hacer una autocr\u00edtica en el Frente de Todos, de por qu\u00e9 llegamos a esto, ya no hablemos de lo que dej\u00f3 el gobierno anterior y la herencia. Llevamos tres a\u00f1os gobernando y hay que hacerse cargo, tuvimos muchos desencuentros internos y eso influy\u00f3 tambi\u00e9n en todo esto, as\u00ed que no s\u00e9 c\u00f3mo termina esta historia, pero arrancar\u00eda por hacer una autocr\u00edtica desde el mismo Frente\u201d.<\/p>\n<p>Manifest\u00f3 incluso que \u201ctodos tenemos un vecino o conocido que no la est\u00e1 pasando nada bien y que no le alcanza lo que gana. Hay falta de trabajo y me pone muy triste cuando escuch\u00e1s a los chicos que se quieren ir del pa\u00eds\u00bb.<\/p>\n<p>\u00abSi te vas para hacer una temporada y volver est\u00e1 bien, pero me duele cuando dicen que ac\u00e1 no hay futuro, y hoy lamentablemente les tengo que dar la raz\u00f3n. Es muy triste todo esto, duele much\u00edsimo porque llevamos casi 40 a\u00f1os de democracia y no lo hemos podido acomodar los distintos gobiernos\u201d, puntualiz\u00f3.<\/p>\n<p>En cuanto a la mirada local en Necochea y Quequ\u00e9n, asegur\u00f3 que \u201cla veo bastante ordenada, creo que hay una buena gesti\u00f3n por parte de Arturo (Rojas). Siempre faltan cosas pero est\u00e1n en el buen camino y mucha gente te dice que notan el cambio que ha habido. Yo no formo parte de ese espacio, pero me gusta reconocer las cosas cuando las hacen bien y veo que hay una gesti\u00f3n en marcha\u201d.<\/p>\n<p>&nbsp;<\/p>\n","protected":false},"excerpt":{"rendered":"<p>El presidente del Club Ministerio, Mario Wilgenhoff, dej\u00f3 por un rato su rol institucional y como afiliado al Partido Justicialista y actor pol\u00edtico dedic\u00f3 algunos p\u00e1rrafos a la actualidad econ\u00f3mica y pol\u00edtica nacional, y por supuesto local, donde ponder\u00f3 a la gesti\u00f3n del intendente Arturo Rojas: \u201cMe gusta reconocer las cosas cuando las hacen bien [&hellip;]<\/p>\n","protected":false},"author":3,"featured_media":92561,"comment_status":"closed","ping_status":"closed","sticky":false,"template":"","format":"standard","meta":{"footnotes":""},"categories":[3],"tags":[],"class_list":["post-92560","post","type-post","status-publish","format-standard","has-post-thumbnail","category-masnoticias"],"_links":{"self":[{"href":"https:\/\/primicias2262.com\/noticias\/wp-json\/wp\/v2\/posts\/92560","targetHints":{"allow":["GET"]}}],"collection":[{"href":"https:\/\/primicias2262.com\/noticias\/wp-json\/wp\/v2\/posts"}],"about":[{"href":"https:\/\/primicias2262.com\/noticias\/wp-json\/wp\/v2\/types\/post"}],"author":[{"embeddable":true,"href":"https:\/\/primicias2262.com\/noticias\/wp-json\/wp\/v2\/users\/3"}],"replies":[{"embeddable":true,"href":"https:\/\/primicias2262.com\/noticias\/wp-json\/wp\/v2\/comments?post=92560"}],"version-history":[{"count":0,"href":"https:\/\/primicias2262.com\/noticias\/wp-json\/wp\/v2\/posts\/92560\/revisions"}],"wp:attachment":[{"href":"https:\/\/primicias2262.com\/noticias\/wp-json\/wp\/v2\/media?parent=92560"}],"wp:term":[{"taxonomy":"category","embeddable":true,"href":"https:\/\/primicias2262.com\/noticias\/wp-json\/wp\/v2\/categories?post=92560"},{"taxonomy":"post_tag","embeddable":true,"href":"https:\/\/primicias2262.com\/noticias\/wp-json\/wp\/v2\/tags?post=92560"}],"curies":[{"name":"wp","href":"https:\/\/api.w.org\/{rel}","templated":true}]}}