{"id":92563,"date":"2022-08-13T17:48:19","date_gmt":"2022-08-13T20:48:19","guid":{"rendered":"https:\/\/primicias2262.com\/?p=92563"},"modified":"2022-08-13T17:48:19","modified_gmt":"2022-08-13T20:48:19","slug":"realizan-una-nueva-colecta-de-juguetes-para-ninos-del-merendero-ardillita","status":"publish","type":"post","link":"https:\/\/primicias2262.com\/noticias\/realizan-una-nueva-colecta-de-juguetes-para-ninos-del-merendero-ardillita\/","title":{"rendered":"Realizan una nueva colecta de juguetes para ni\u00f1os del Merendero Ardillita"},"content":{"rendered":"<p>Es de cara a la fiesta por el D\u00eda del Ni\u00f1o que se realizar\u00e1 el s\u00e1bado 20 de agosto en dicho merendero de Quequ\u00e9n, con sede en Av. Almirante Brown 1956.<\/p>\n<p>Uno de los referentes del lugar, Marcos Fern\u00e1ndez, dialog\u00f3 con el periodista Hugo Arroyo en \u201cVoces de la Ciudad\u201d y afirm\u00f3 que \u201cestamos muy felices de seguir ayudando y colaborando, y en este caso poder festejar el D\u00eda del Ni\u00f1o para el que estamos organizando una muy linda fiesta con inflables, payasos, merienda y juegos, ser\u00e1 una tarde hermosa y \u00fanica para los chicos y nos alegra mucho poder lograrlo\u201d.<\/p>\n<p>\u201cEntre ni\u00f1os y ni\u00f1as tenemos alrededor de 70, puede variar, pero es el n\u00famero que tenemos todos los s\u00e1bados\u201d, apunt\u00f3 el referente comunitario, cuyo contacto es 2262-508930 y con \u00e9l se pueden comunicar todos aquellos que deseen colaborar con la causa.<\/p>\n<p>\u201cEstamos necesitando m\u00e1s que nada juguetes, pueden ser nuevos o usados en buenas condiciones, y adem\u00e1s leche, chocolatada, az\u00facar y jugo, y si alguien quiere colaborar con alg\u00fan inflable u obra de teatro ser\u00e1 muy bienvenido, es un lugar donde todo se hace de coraz\u00f3n a beneficio de la gente\u201d, subray\u00f3 Fern\u00e1ndez.<\/p>\n<p>Acerca de la dura situaci\u00f3n actual, Marcos referenci\u00f3 que \u201cest\u00e1 dif\u00edcil el tema de la colaboraci\u00f3n y es entendible, hay muchos merenderos que est\u00e1n trabajando muy bien as\u00ed que lo poquito que hay para donar se va repartiendo entre todos\u00bb.<\/p>\n<p>\u00abLamentablemente la necesidad es muy grande y se refleja cada vez m\u00e1s, pero lo importante es que hay muchos sectores sociales que est\u00e1n junto a la familia como lo hacemos nosotros y aquella familia que tanto necesita una mano, que le cuesta salir adelante o conseguir un trabajo, que no se sienta sola porque siempre hay alguien que los va a estar respaldando y cuidando\u201d, finaliz\u00f3.<\/p>\n","protected":false},"excerpt":{"rendered":"<p>Es de cara a la fiesta por el D\u00eda del Ni\u00f1o que se realizar\u00e1 el s\u00e1bado 20 de agosto en dicho merendero de Quequ\u00e9n, con sede en Av. Almirante Brown 1956. Uno de los referentes del lugar, Marcos Fern\u00e1ndez, dialog\u00f3 con el periodista Hugo Arroyo en \u201cVoces de la Ciudad\u201d y afirm\u00f3 que \u201cestamos muy [&hellip;]<\/p>\n","protected":false},"author":3,"featured_media":92564,"comment_status":"closed","ping_status":"closed","sticky":false,"template":"","format":"standard","meta":{"footnotes":""},"categories":[3],"tags":[],"class_list":["post-92563","post","type-post","status-publish","format-standard","has-post-thumbnail","category-masnoticias"],"_links":{"self":[{"href":"https:\/\/primicias2262.com\/noticias\/wp-json\/wp\/v2\/posts\/92563","targetHints":{"allow":["GET"]}}],"collection":[{"href":"https:\/\/primicias2262.com\/noticias\/wp-json\/wp\/v2\/posts"}],"about":[{"href":"https:\/\/primicias2262.com\/noticias\/wp-json\/wp\/v2\/types\/post"}],"author":[{"embeddable":true,"href":"https:\/\/primicias2262.com\/noticias\/wp-json\/wp\/v2\/users\/3"}],"replies":[{"embeddable":true,"href":"https:\/\/primicias2262.com\/noticias\/wp-json\/wp\/v2\/comments?post=92563"}],"version-history":[{"count":0,"href":"https:\/\/primicias2262.com\/noticias\/wp-json\/wp\/v2\/posts\/92563\/revisions"}],"wp:attachment":[{"href":"https:\/\/primicias2262.com\/noticias\/wp-json\/wp\/v2\/media?parent=92563"}],"wp:term":[{"taxonomy":"category","embeddable":true,"href":"https:\/\/primicias2262.com\/noticias\/wp-json\/wp\/v2\/categories?post=92563"},{"taxonomy":"post_tag","embeddable":true,"href":"https:\/\/primicias2262.com\/noticias\/wp-json\/wp\/v2\/tags?post=92563"}],"curies":[{"name":"wp","href":"https:\/\/api.w.org\/{rel}","templated":true}]}}