{"id":92583,"date":"2022-08-14T16:26:27","date_gmt":"2022-08-14T19:26:27","guid":{"rendered":"https:\/\/primicias2262.com\/?p=92583"},"modified":"2022-08-14T16:26:27","modified_gmt":"2022-08-14T19:26:27","slug":"el-nuevo-jefe-de-bomberos-hablo-sobre-mejoras-en-el-cuartel-y-una-campana-de-socios","status":"publish","type":"post","link":"https:\/\/primicias2262.com\/noticias\/el-nuevo-jefe-de-bomberos-hablo-sobre-mejoras-en-el-cuartel-y-una-campana-de-socios\/","title":{"rendered":"El nuevo jefe de Bomberos habl\u00f3 sobre mejoras en el cuartel y una campa\u00f1a de socios"},"content":{"rendered":"<p>El comisario Adri\u00e1n Hern\u00e1ndez, nuevo jefe de Bomberos de Necochea, se encuentra hace dos meses en la ciudad y con marcadas expectativas cont\u00f3 en \u201cVoces de la Ciudad\u201d las obras que se est\u00e1n haciendo y la campa\u00f1a de socios que crece con la colaboraci\u00f3n de AMAN Mascotas.<\/p>\n<p>En di\u00e1logo con el periodista Hugo Arroyo, el oriundo de General Belgrano comenz\u00f3 contando que \u201chace dos meses que estoy a cargo del cuartel, nunca hab\u00eda venido a Necochea y es una ciudad hermosa con un potencial enorme\u00bb<\/p>\n<p>\u00abLas autoridades de los distintos organismos me han recibido muy bien y respecto al cuartel continuamos desarrollando las tareas que arrancaron con el jefe anterior\u201d, expres\u00f3.<\/p>\n<p>Con respecto a la parte edilicia, revel\u00f3 que \u201cestamos terminando con obras en el comedor, y en cuanto a la movilidad, estamos mejorando las autobombas con personal mismo del taller del cuartel. Ahora vamos a hacer una camioneta forestal con la ayuda de una de las empresas locales, equipada y disponible para cualquier entidad para alg\u00fan evento de magnitud, ya fue informado y puesto a disposici\u00f3n del Jefe Departamental\u201d.<\/p>\n<p>En cuanto al plantel de bomberos, Hern\u00e1ndez apunt\u00f3 que \u201ctenemos alrededor de 20 efectivos entre administrativos y gente operativa, y estamos trabajando para que venga m\u00e1s personal\u201d. En ese aspecto inform\u00f3 que ahora se abre la escuela de la especialidad, que abarca Bomberos, Explosivos, Ecol\u00f3gica y Riesgos Especiales, en La Plata y hay algunas descentralizadas, como la de la ciudad de Rojas\u00bb.<\/p>\n<p>\u201cLa inscripci\u00f3n se hace v\u00eda web en la p\u00e1gina del Ministerio de Seguridad y se pueden inscribir personas de entre 18 y 29 a\u00f1os, duran seis meses y esperemos que se inscriban muchos j\u00f3venes de Necochea\u201d, se\u00f1al\u00f3.<\/p>\n<p>M\u00e1s all\u00e1 de eso, el jefe confirm\u00f3 que \u201cestamos bien de personal para brindar servicio en Necochea, podr\u00edamos estar mejor y trabajamos para eso, pero estamos bien cubiertos\u201d, y respecto a la campa\u00f1a de socios manifest\u00f3 que \u201carrancamos hace poco con la colaboraci\u00f3n de una protectora de animales, AMAN Mascotas, a trabajar en una campa\u00f1a de socios para solventar gastos del cuartel. Hay gente que va puerta por puerta viendo qui\u00e9n se quiere hacer socio, no hay monto fijo sino que es a voluntad\u201d.<\/p>\n<p>En tanto, Hern\u00e1ndez destac\u00f3 que \u201chemos estado reunidos tambi\u00e9n con Defensa Civil y Medio Ambiente del municipio para trabajar en diferentes proyectos\u201d, y anticip\u00f3 que \u201cen septiembre es posible que hagamos a nivel zonal un curso de rescate vehicular en la zona de Necochea, lo hemos hecho hace unos a\u00f1os en Bah\u00eda Blanca y Mar del Plata y es para el personal de bomberos, con apoyo de Defensa Civil y Cruz Roja. Trabajando con todas las entidades en conjunto es la forma de salir adelante\u201d.<\/p>\n<p>Finalmente, el comisario se\u00f1al\u00f3 que \u201ctambi\u00e9n estoy como referente de zona, la Direcci\u00f3n de Bomberos de La Plata canaliza algunas cuestiones conmigo y yo a su vez las transmito a los cuarteles de la zona de Necochea que trabajamos en conjunto mensualmente con Quequ\u00e9n, Lober\u00eda, Juan N. Fern\u00e1ndez, De La Garma y San Manuel\u201d.<\/p>\n","protected":false},"excerpt":{"rendered":"<p>El comisario Adri\u00e1n Hern\u00e1ndez, nuevo jefe de Bomberos de Necochea, se encuentra hace dos meses en la ciudad y con marcadas expectativas cont\u00f3 en \u201cVoces de la Ciudad\u201d las obras que se est\u00e1n haciendo y la campa\u00f1a de socios que crece con la colaboraci\u00f3n de AMAN Mascotas. En di\u00e1logo con el periodista Hugo Arroyo, el [&hellip;]<\/p>\n","protected":false},"author":3,"featured_media":92584,"comment_status":"closed","ping_status":"closed","sticky":false,"template":"","format":"standard","meta":{"footnotes":""},"categories":[3],"tags":[],"class_list":["post-92583","post","type-post","status-publish","format-standard","has-post-thumbnail","category-masnoticias"],"_links":{"self":[{"href":"https:\/\/primicias2262.com\/noticias\/wp-json\/wp\/v2\/posts\/92583","targetHints":{"allow":["GET"]}}],"collection":[{"href":"https:\/\/primicias2262.com\/noticias\/wp-json\/wp\/v2\/posts"}],"about":[{"href":"https:\/\/primicias2262.com\/noticias\/wp-json\/wp\/v2\/types\/post"}],"author":[{"embeddable":true,"href":"https:\/\/primicias2262.com\/noticias\/wp-json\/wp\/v2\/users\/3"}],"replies":[{"embeddable":true,"href":"https:\/\/primicias2262.com\/noticias\/wp-json\/wp\/v2\/comments?post=92583"}],"version-history":[{"count":0,"href":"https:\/\/primicias2262.com\/noticias\/wp-json\/wp\/v2\/posts\/92583\/revisions"}],"wp:attachment":[{"href":"https:\/\/primicias2262.com\/noticias\/wp-json\/wp\/v2\/media?parent=92583"}],"wp:term":[{"taxonomy":"category","embeddable":true,"href":"https:\/\/primicias2262.com\/noticias\/wp-json\/wp\/v2\/categories?post=92583"},{"taxonomy":"post_tag","embeddable":true,"href":"https:\/\/primicias2262.com\/noticias\/wp-json\/wp\/v2\/tags?post=92583"}],"curies":[{"name":"wp","href":"https:\/\/api.w.org\/{rel}","templated":true}]}}