{"id":92586,"date":"2022-08-14T16:31:08","date_gmt":"2022-08-14T19:31:08","guid":{"rendered":"https:\/\/primicias2262.com\/?p=92586"},"modified":"2022-08-14T16:31:08","modified_gmt":"2022-08-14T19:31:08","slug":"avanzan-los-trabajos-para-el-traslado-de-la-redaccion-y-administracion-de-ecos-diarios","status":"publish","type":"post","link":"https:\/\/primicias2262.com\/noticias\/avanzan-los-trabajos-para-el-traslado-de-la-redaccion-y-administracion-de-ecos-diarios\/","title":{"rendered":"Avanzan los trabajos para el traslado de la redacci\u00f3n y administraci\u00f3n de Ecos Diarios"},"content":{"rendered":"<p><strong>Se pueden observar las tareas que se llevan a cabo en la planta baja del edificio Italia. El traspaso a\u00fan no tiene fecha certera, pero se dar\u00eda a fines de este mes o en los primeros d\u00edas de septiembre. <\/strong><\/p>\n<p><strong><a href=\"https:\/\/primicias2262.com\/wp-content\/uploads\/2021\/08\/Gomez.jpg\"><img loading=\"lazy\" decoding=\"async\" class=\"alignleft size-medium wp-image-80409\" src=\"https:\/\/primicias2262.com\/wp-content\/uploads\/2021\/08\/Gomez-269x300.jpg\" alt=\"\" width=\"269\" height=\"300\" \/><\/a>Por Jorge G\u00f3mez<\/strong><\/p>\n<p>Mientras ya se puede observar la marca \u201cEcos Diarios\u201d en su frente -hist\u00f3rico y decano diario impreso de Necochea-, faltar\u00edan a\u00fan algunas jornadas para que tenga lugar el traslado oficial y definitivo de la administraci\u00f3n, redacci\u00f3n period\u00edstica y otras dependencias relacionadas a la actividad, entre ellas el nuevo asiento f\u00edsico de la se\u00f1al de radio de frecuencia modula que explota este medio, a las oficinas situadas en la planta baja, sobre calle 56, del edificio Italia, que est\u00e1 ubicado en 56 y 61.<\/p>\n<p>Consultado Sebasti\u00e1n Ignacio, integrante de la conducci\u00f3n ejecutiva del matutino local, dio cuenta que \u201cestamos en la etapa final de todo el plan de trabajo para el traslado. Faltan detalles, como el arribo de los vidrios que separar\u00e1n los gabinetes y las oficinas internas, faltante que se viene dando en determinados rubros. Pero est\u00e1 todo listo para producir el traspaso y que la actividad del diario no se detenga, ya desde el nuevo lugar. A\u00fan sin fecha oficial, algo que esperamos se produzca a fin de mes o inicios del pr\u00f3ximo\u201d.<\/p>\n<p>Se recuerda que luego de haber cumplido el 9 de junio pasado 101 a\u00f1os de existencia Ecos Diarios estar\u00e1 en las pr\u00f3ximas semanas iniciando una nueva etapa con este movimiento, concretando su diaria oferta informativa desde las aludidas dependencias sitas casi frente a la Plaza Dardo Rocha.<\/p>\n<p>Se sabe que la planta impresora del decano diario local seguir\u00e1 prestando servicio en calle 62, entre 51 y 49, pero no as\u00ed el resto de las secciones, las que a partir de esta modificaci\u00f3n estar\u00e1n a distancia una de otras.<\/p>\n<p>La administraci\u00f3n, redacci\u00f3n y otras dependencias del matutino siguen todav\u00eda funcionando en el predio lindante a la mencionada planta, en calle 62 casi 51, con acceso incluso al taller por calle 51. Esto \u00faltimo es lo que se prev\u00e9 trasladar.<\/p>\n<p>Debe mencionarse que las oficinas desde donde funcionar\u00e1 en jornadas m\u00e1s Ecos Diarios fueron ocupadas tiempo atr\u00e1s por una firma vinculada a la actividad de compra y venta de ganado, como al igual utilizadas por corrientes pol\u00edticas partidarias varias. En los \u00faltimos tiempos se las vieron cerradas y ofertadas para alquilar.<\/p>\n<p>Los lectores m\u00e1s veteranos de seguro recordar\u00e1n, adem\u00e1s, que durante varias d\u00e9cadas las oficinas comerciales y de labores period\u00edsticas de Ecos Diarios estuvieron asentadas en el edificio de 60 y 61, frente a la sucursal Necochea del Banco Naci\u00f3n.<\/p>\n<p>En la d\u00e9cada del \u201970 se produjo la unificaci\u00f3n de toda la organizaci\u00f3n del diario en las actuales dependencias lindantes a la transitada esquina de 51 y 62.<\/p>\n","protected":false},"excerpt":{"rendered":"<p>Se pueden observar las tareas que se llevan a cabo en la planta baja del edificio Italia. El traspaso a\u00fan no tiene fecha certera, pero se dar\u00eda a fines de este mes o en los primeros d\u00edas de septiembre. Por Jorge G\u00f3mez Mientras ya se puede observar la marca \u201cEcos Diarios\u201d en su frente -hist\u00f3rico [&hellip;]<\/p>\n","protected":false},"author":3,"featured_media":92587,"comment_status":"closed","ping_status":"closed","sticky":false,"template":"","format":"standard","meta":{"footnotes":""},"categories":[3],"tags":[],"class_list":["post-92586","post","type-post","status-publish","format-standard","has-post-thumbnail","category-masnoticias"],"_links":{"self":[{"href":"https:\/\/primicias2262.com\/noticias\/wp-json\/wp\/v2\/posts\/92586","targetHints":{"allow":["GET"]}}],"collection":[{"href":"https:\/\/primicias2262.com\/noticias\/wp-json\/wp\/v2\/posts"}],"about":[{"href":"https:\/\/primicias2262.com\/noticias\/wp-json\/wp\/v2\/types\/post"}],"author":[{"embeddable":true,"href":"https:\/\/primicias2262.com\/noticias\/wp-json\/wp\/v2\/users\/3"}],"replies":[{"embeddable":true,"href":"https:\/\/primicias2262.com\/noticias\/wp-json\/wp\/v2\/comments?post=92586"}],"version-history":[{"count":0,"href":"https:\/\/primicias2262.com\/noticias\/wp-json\/wp\/v2\/posts\/92586\/revisions"}],"wp:attachment":[{"href":"https:\/\/primicias2262.com\/noticias\/wp-json\/wp\/v2\/media?parent=92586"}],"wp:term":[{"taxonomy":"category","embeddable":true,"href":"https:\/\/primicias2262.com\/noticias\/wp-json\/wp\/v2\/categories?post=92586"},{"taxonomy":"post_tag","embeddable":true,"href":"https:\/\/primicias2262.com\/noticias\/wp-json\/wp\/v2\/tags?post=92586"}],"curies":[{"name":"wp","href":"https:\/\/api.w.org\/{rel}","templated":true}]}}