{"id":92589,"date":"2022-08-14T16:34:57","date_gmt":"2022-08-14T19:34:57","guid":{"rendered":"https:\/\/primicias2262.com\/?p=92589"},"modified":"2022-08-14T16:34:57","modified_gmt":"2022-08-14T19:34:57","slug":"convocan-a-la-audiencia-publica-para-tratar-el-aumento-del-boleto-de-micros","status":"publish","type":"post","link":"https:\/\/primicias2262.com\/noticias\/convocan-a-la-audiencia-publica-para-tratar-el-aumento-del-boleto-de-micros\/","title":{"rendered":"Convocan a la audiencia p\u00fablica para tratar el aumento del boleto de micros"},"content":{"rendered":"<p dir=\"ltr\">El Concejo Deliberante inform\u00f3 que el pr\u00f3ximo lunes 22 de agosto, a las 18, se llevar\u00e1 adelante la audiencia p\u00fablica para tratar la solicitud de aumento del boleto de transporte p\u00fablico de pasajeros.<\/p>\n<p dir=\"ltr\">Para eso se abri\u00f3 la convocatoria a los vecinos y vecinas que deseen participar y dar a conocer su opini\u00f3n.<\/p>\n<p dir=\"ltr\">En ese sentido, deber\u00e1n inscribirse en la secretar\u00eda administrativa del Concejo Deliberante, sita en calle 56 N\u00b0 2945, en el horario de 8 a 14.<\/p>\n","protected":false},"excerpt":{"rendered":"<p>El Concejo Deliberante inform\u00f3 que el pr\u00f3ximo lunes 22 de agosto, a las 18, se llevar\u00e1 adelante la audiencia p\u00fablica para tratar la solicitud de aumento del boleto de transporte p\u00fablico de pasajeros. Para eso se abri\u00f3 la convocatoria a los vecinos y vecinas que deseen participar y dar a conocer su opini\u00f3n. En ese [&hellip;]<\/p>\n","protected":false},"author":3,"featured_media":77142,"comment_status":"closed","ping_status":"closed","sticky":false,"template":"","format":"standard","meta":{"footnotes":""},"categories":[3],"tags":[],"class_list":["post-92589","post","type-post","status-publish","format-standard","has-post-thumbnail","category-masnoticias"],"_links":{"self":[{"href":"https:\/\/primicias2262.com\/noticias\/wp-json\/wp\/v2\/posts\/92589","targetHints":{"allow":["GET"]}}],"collection":[{"href":"https:\/\/primicias2262.com\/noticias\/wp-json\/wp\/v2\/posts"}],"about":[{"href":"https:\/\/primicias2262.com\/noticias\/wp-json\/wp\/v2\/types\/post"}],"author":[{"embeddable":true,"href":"https:\/\/primicias2262.com\/noticias\/wp-json\/wp\/v2\/users\/3"}],"replies":[{"embeddable":true,"href":"https:\/\/primicias2262.com\/noticias\/wp-json\/wp\/v2\/comments?post=92589"}],"version-history":[{"count":0,"href":"https:\/\/primicias2262.com\/noticias\/wp-json\/wp\/v2\/posts\/92589\/revisions"}],"wp:attachment":[{"href":"https:\/\/primicias2262.com\/noticias\/wp-json\/wp\/v2\/media?parent=92589"}],"wp:term":[{"taxonomy":"category","embeddable":true,"href":"https:\/\/primicias2262.com\/noticias\/wp-json\/wp\/v2\/categories?post=92589"},{"taxonomy":"post_tag","embeddable":true,"href":"https:\/\/primicias2262.com\/noticias\/wp-json\/wp\/v2\/tags?post=92589"}],"curies":[{"name":"wp","href":"https:\/\/api.w.org\/{rel}","templated":true}]}}