{"id":92591,"date":"2022-08-14T16:42:16","date_gmt":"2022-08-14T19:42:16","guid":{"rendered":"https:\/\/primicias2262.com\/?p=92591"},"modified":"2022-08-14T16:42:16","modified_gmt":"2022-08-14T19:42:16","slug":"entregaron-diplomas-a-los-egresados-del-programa-nacional-de-cuidados-domiciliarios","status":"publish","type":"post","link":"https:\/\/primicias2262.com\/noticias\/entregaron-diplomas-a-los-egresados-del-programa-nacional-de-cuidados-domiciliarios\/","title":{"rendered":"Entregaron diplomas a los egresados del Programa Nacional de Cuidados Domiciliarios"},"content":{"rendered":"<p><strong>El intendente Arturo Rojas encabez\u00f3 el acto en el que se certific\u00f3 a medio centenar de vecinos por finalizar el curso que articula la Direcci\u00f3n de Relaciones con la Comunidad y DDHH en nuestro medio. \u201cEs sumamente importante saber que nuestros adultos mayores van a estar cuidados por las manos de ustedes\u201d, destac\u00f3 el jefe comunal.<\/strong><\/p>\n<p>En la tarde noche del viernes pasado, medio centenar de vecinos fueron diplomados por finalizar el curso del Programa Nacional de Cuidados Domiciliarios, una herramienta que es impulsada por el Ministerio de Desarrollo Social, a trav\u00e9s de la Direcci\u00f3n Nacional de Pol\u00edticas para Adultos Mayores de la Secretar\u00eda Nacional de Ni\u00f1ez, Adolescencia y Familia, y que en Necochea se articul\u00f3 a trav\u00e9s del \u00e1rea de Relaciones con la Comunidad y DDHH.<\/p>\n<p>El evento, que tuvo desarrollo en el Sal\u00f3n de Actos de la comuna, estuvo encabezado por el intendente Arturo Rojas, quien realiz\u00f3 la entrega simb\u00f3lica de los primeros certificados. Para ello, el mandatario estuvo acompa\u00f1ado por la secretaria de Gobierno, Gabriela G\u00f3ngora, y por el titular de la dependencia mencionada anteriormente, Ger\u00f3nimo Gallegos.<\/p>\n<p>El programa, cuyo convenio de adhesi\u00f3n fue aprobado por unanimidad en el Concejo Deliberante en 2021, tiene por objetivo llevar a cabo pol\u00edticas p\u00fablicas que acompa\u00f1en y favorezcan el envejecimiento poblacional en Argentina, promoviendo y respetando los derechos de los adultos mayores y, en especial, aquellos que se encuentran en situaci\u00f3n de vulnerabilidad.<\/p>\n<p>El intendente felicit\u00f3 a los organizadores y a cada una de las coordinadoras, y resalt\u00f3 en su discurso: \u201cPara m\u00ed, como intendente, entre todas las cosas que me toca hacer, creo que es de las m\u00e1s importantes cuando me enfrento a un grupo que termina, o decidi\u00f3 capacitarse. Por eso le estamos poniendo muchas pilas desde las diferentes secretar\u00edas, para que esas capacitaciones sean la posibilidad de una salida laboral\u201d.<\/p>\n<p>\u201cEs sumamente importante para nosotros, ya en el rol de vecinos, saber que nuestros padres, nuestros abuelos, nuestros adultos mayores van a estar cuidados por las manos de ustedes, que realmente tienen la capacitaci\u00f3n, el amor, el empe\u00f1o y el compromiso. Eso es algo invalorable\u201d, se\u00f1al\u00f3 Rojas en su emotiva oratoria.<\/p>\n<p>Por su parte, el director de Relaciones con la Comunidad y DDHH subray\u00f3 que este tipo de capacitaciones \u201cdan cuenta de una pol\u00edtica p\u00fablica y una premisa que persigue la gesti\u00f3n de Arturo, que es generar oportunidades laborales para los ciudadanos de Necochea a partir de la formaci\u00f3n. Y qu\u00e9 mejor que esa formaci\u00f3n venga de la mano de 50 personas que van a estar garantizando el derecho de una mejor atenci\u00f3n socio sanitaria para nuestros adultos mayores, sobre todo aquellos m\u00e1s vulnerables\u201d.<\/p>\n<p>El funcionario se\u00f1al\u00f3, adem\u00e1s, que este curso fue especial porque \u201cdio cuenta que Necochea tiene una calidad humana en los profesionales de la salud que es excelente\u201d, y tambi\u00e9n \u201cporque cada uno de ustedes super\u00f3 obst\u00e1culos, dijo que s\u00ed en todo momento, no se avasall\u00f3 y demostr\u00f3 que, cuando hay ganas y voluntad, no hay obst\u00e1culos que no se puedan superar\u201d, elogi\u00f3 a los participantes.<\/p>\n<p>Vale destacar que cada uno de los egresados de este viernes transit\u00f3 una formaci\u00f3n intensiva, gratuita y presencial que tuvo desarrollo en el mismo Sal\u00f3n de Actos, a lo largo de cuatro meses de clases.<\/p>\n<p>&nbsp;<\/p>\n<p>&nbsp;<\/p>\n","protected":false},"excerpt":{"rendered":"<p>El intendente Arturo Rojas encabez\u00f3 el acto en el que se certific\u00f3 a medio centenar de vecinos por finalizar el curso que articula la Direcci\u00f3n de Relaciones con la Comunidad y DDHH en nuestro medio. \u201cEs sumamente importante saber que nuestros adultos mayores van a estar cuidados por las manos de ustedes\u201d, destac\u00f3 el jefe [&hellip;]<\/p>\n","protected":false},"author":3,"featured_media":92592,"comment_status":"closed","ping_status":"closed","sticky":false,"template":"","format":"standard","meta":{"footnotes":""},"categories":[3],"tags":[],"class_list":["post-92591","post","type-post","status-publish","format-standard","has-post-thumbnail","category-masnoticias"],"_links":{"self":[{"href":"https:\/\/primicias2262.com\/noticias\/wp-json\/wp\/v2\/posts\/92591","targetHints":{"allow":["GET"]}}],"collection":[{"href":"https:\/\/primicias2262.com\/noticias\/wp-json\/wp\/v2\/posts"}],"about":[{"href":"https:\/\/primicias2262.com\/noticias\/wp-json\/wp\/v2\/types\/post"}],"author":[{"embeddable":true,"href":"https:\/\/primicias2262.com\/noticias\/wp-json\/wp\/v2\/users\/3"}],"replies":[{"embeddable":true,"href":"https:\/\/primicias2262.com\/noticias\/wp-json\/wp\/v2\/comments?post=92591"}],"version-history":[{"count":0,"href":"https:\/\/primicias2262.com\/noticias\/wp-json\/wp\/v2\/posts\/92591\/revisions"}],"wp:attachment":[{"href":"https:\/\/primicias2262.com\/noticias\/wp-json\/wp\/v2\/media?parent=92591"}],"wp:term":[{"taxonomy":"category","embeddable":true,"href":"https:\/\/primicias2262.com\/noticias\/wp-json\/wp\/v2\/categories?post=92591"},{"taxonomy":"post_tag","embeddable":true,"href":"https:\/\/primicias2262.com\/noticias\/wp-json\/wp\/v2\/tags?post=92591"}],"curies":[{"name":"wp","href":"https:\/\/api.w.org\/{rel}","templated":true}]}}