{"id":92610,"date":"2022-08-15T15:32:34","date_gmt":"2022-08-15T18:32:34","guid":{"rendered":"https:\/\/primicias2262.com\/?p=92610"},"modified":"2022-08-15T15:32:34","modified_gmt":"2022-08-15T18:32:34","slug":"con-exito-y-muchas-emociones-se-realizo-el-festival-folclorico-en-la-plaza-dardo-rocha","status":"publish","type":"post","link":"https:\/\/primicias2262.com\/noticias\/con-exito-y-muchas-emociones-se-realizo-el-festival-folclorico-en-la-plaza-dardo-rocha\/","title":{"rendered":"Con \u00e9xito y muchas emociones se realiz\u00f3 el festival folcl\u00f3rico en la Plaza Dardo Rocha"},"content":{"rendered":"<p><strong>El evento organizado por el municipio regal\u00f3 cientos de emociones en una tarde que se prest\u00f3 para que la familia entera pudiera disfrutar del espacio p\u00fablico como lugar de encuentro y celebrar nuestras costumbres aut\u00f3ctonas.<\/strong><\/p>\n<p>Una vez m\u00e1s, el arte colm\u00f3 la Plaza Dardo Rocha en la tarde del domingo a trav\u00e9s de una uni\u00f3n perfecta entre tradici\u00f3n y cultura, regalando al p\u00fablico presente cientos de momentos emotivos, pero muchos m\u00e1s de alegr\u00eda y festejo, volviendo a convertir al espacio p\u00fablico m\u00e1s caracter\u00edstico de la ciudad de Necochea en un punto de encuentro para la familia del distrito.<\/p>\n<p>El espect\u00e1culo libre y gratuito que fuera pensado para conmemorar el D\u00eda Mundial del Folclore, que se celebra cada 22 de agosto en paralelo con el D\u00eda del Folclore Argentino, tuvo el agrado de compartir una cartelera muy variada y de calidad con la gran cantidad de vecinos que se fueron acercando desde la media tarde al centro de la ciudad.<\/p>\n<p>Berenice Alvelo, Molina Campos (Graciela Francese), las agrupaciones \u201cRenacer\u201d (Susana y Miguel y \u201cAguaray\u201d, Franco Laterza con parejas de baile, Kumel\u00e9n, Luciana Gavil\u00e1n, Amigos de la Tapera (Gabriela Oronoz), Unidos por la Danza (H\u00e9ctor Lezcano), Sol Scheaggia, Leonel, Mariano Necochea (Lucas Goyeneche), Ariel Lage y su grupo folcl\u00f3rico, el Ballet \u201cA\u00f1oranzas\u201d, a cargo del cierre de la fiesta, y Rodolfo \u201cFito\u201d Pinzone fueron los protagonistas de esta jornada tan especial.<\/p>\n<p>Un p\u00e1rrafo aparte para la actuaci\u00f3n de este \u00faltimo artista, de notable trayectoria en el \u00e1mbito folcl\u00f3rico local. En esta oportunidad, el quequenense se convirti\u00f3 en el centro de la escena y no solo por su habitual performance arriba del escenario, sino que fue reconocido por la Municipalidad por \u201cmarcar el destino de nuestras expresiones populares\u201d, tal como lo describi\u00f3 el animador de la velada, Sergio Melgarejo, antes de que el propio intendente Arturo Rojas subiera a entregarle la honorable menci\u00f3n.<\/p>\n<p>Gan\u00e1ndole al pron\u00f3stico meteorol\u00f3gico que presagiaba tormentas para toda la jornada, el Festival de Folclore que organiz\u00f3 la Direcci\u00f3n de Cultura se desarroll\u00f3 con un clima muy agradable y result\u00f3 un \u00e9xito desde el momento en que cientos de vecinos pudieron acercarse a vivir un evento distinto y celebrar a nuestras costumbres aut\u00f3ctonas a trav\u00e9s del canto y de la danza.<\/p>\n<p>&nbsp;<\/p>\n","protected":false},"excerpt":{"rendered":"<p>El evento organizado por el municipio regal\u00f3 cientos de emociones en una tarde que se prest\u00f3 para que la familia entera pudiera disfrutar del espacio p\u00fablico como lugar de encuentro y celebrar nuestras costumbres aut\u00f3ctonas. Una vez m\u00e1s, el arte colm\u00f3 la Plaza Dardo Rocha en la tarde del domingo a trav\u00e9s de una uni\u00f3n [&hellip;]<\/p>\n","protected":false},"author":3,"featured_media":92611,"comment_status":"closed","ping_status":"closed","sticky":false,"template":"","format":"standard","meta":{"footnotes":""},"categories":[3],"tags":[],"class_list":["post-92610","post","type-post","status-publish","format-standard","has-post-thumbnail","category-masnoticias"],"_links":{"self":[{"href":"https:\/\/primicias2262.com\/noticias\/wp-json\/wp\/v2\/posts\/92610","targetHints":{"allow":["GET"]}}],"collection":[{"href":"https:\/\/primicias2262.com\/noticias\/wp-json\/wp\/v2\/posts"}],"about":[{"href":"https:\/\/primicias2262.com\/noticias\/wp-json\/wp\/v2\/types\/post"}],"author":[{"embeddable":true,"href":"https:\/\/primicias2262.com\/noticias\/wp-json\/wp\/v2\/users\/3"}],"replies":[{"embeddable":true,"href":"https:\/\/primicias2262.com\/noticias\/wp-json\/wp\/v2\/comments?post=92610"}],"version-history":[{"count":0,"href":"https:\/\/primicias2262.com\/noticias\/wp-json\/wp\/v2\/posts\/92610\/revisions"}],"wp:attachment":[{"href":"https:\/\/primicias2262.com\/noticias\/wp-json\/wp\/v2\/media?parent=92610"}],"wp:term":[{"taxonomy":"category","embeddable":true,"href":"https:\/\/primicias2262.com\/noticias\/wp-json\/wp\/v2\/categories?post=92610"},{"taxonomy":"post_tag","embeddable":true,"href":"https:\/\/primicias2262.com\/noticias\/wp-json\/wp\/v2\/tags?post=92610"}],"curies":[{"name":"wp","href":"https:\/\/api.w.org\/{rel}","templated":true}]}}