{"id":92613,"date":"2022-08-15T15:35:10","date_gmt":"2022-08-15T18:35:10","guid":{"rendered":"https:\/\/primicias2262.com\/?p=92613"},"modified":"2022-08-15T15:35:10","modified_gmt":"2022-08-15T18:35:10","slug":"los-reventados-del-ritmo-festejaron-su-decimo-aniversario-en-una-tarde-ideal","status":"publish","type":"post","link":"https:\/\/primicias2262.com\/noticias\/los-reventados-del-ritmo-festejaron-su-decimo-aniversario-en-una-tarde-ideal\/","title":{"rendered":"Los Reventados del Ritmo festejaron su d\u00e9cimo aniversario en una tarde ideal"},"content":{"rendered":"<p>En la tarde del pasado s\u00e1bado, la murga \u201cLos Reventados del Ritmo\u201d celebr\u00f3 sus primeros diez a\u00f1os de vida con un festejo organizado en conjunto con la Direcci\u00f3n de Cultura municipal que nucle\u00f3 a una decena de elencos y artistas en un escenario especialmente montado en la Plaza Dardo Rocha.<\/p>\n<div class=\"wp-block-media-text is-stacked-on-mobile is-vertically-aligned-top\">\n<div class=\"wp-block-media-text__content\">\n<p>Con un sol resplandeciente como compa\u00f1ero ideal, los vecinos fueron acerc\u00e1ndose a lo largo de toda la jornada al centro de la ciudad para disfrutar de las presentaciones de \u201cLa Colmena Zumba\u201d y de las murgas \u201cLos So\u00f1adores\u201d, \u201cHoy Bailar\u00e9\u201d, \u201cCachivaches de la Ilusi\u00f3n\u201d y \u201cLos Trasnochados\u00bb, adem\u00e1s de los propios anfitriones.<\/p>\n<p>A estas actividades se sumaron los espect\u00e1culos brindados por Mart\u00edn y su Banda, la Agrupaci\u00f3n Mariano Necochea, Dancing Up, Ariel Lage y una edici\u00f3n especial de la competencia KOliseo Freestyle, que se desarrolla habitualmente en el Anfiteatro Municipal ubicado en el coraz\u00f3n del Parque Miguel Lillo.<\/p>\n<p>\u201cHemos vivido una tarde esplendida, maravillosa, lleva de buena vibra\u201d, destac\u00f3 Ver\u00f3nica Goyeneche, una de las caras m\u00e1s representativas de la murga, agregando que \u201clos vecinos acompa\u00f1aron y fue una fiesta a puro brillo y color, con un d\u00eda esplendido de sol\u201d.<\/p>\n<p>La integrante de \u201cLos Reventados\u201d agradeci\u00f3 a todo el municipio en su conjunto, aunque quiso destacar \u201cel acompa\u00f1amiento de las \u00e1reas de Turismo y de Cultura, y de sus titulares, Mat\u00edas Sierra y Juan Gamba, respectivamente, quienes \u201csiempre est\u00e1n dispuestos a abrirnos la puerta y escucharnos\u201d.<\/p>\n<p>\u201cQueremos reivindicar la cultura murguera\u201d, entonces este evento \u201cnos ten\u00eda muy expectantes, porque nosotros somos autogestivos y generar todo este tipo de movimiento es muy dif\u00edcil\u201d, explic\u00f3 la referente, conmovida a\u00fan por todas las sensaciones que se entrecruzaron en el festejo.<\/p>\n<\/div>\n<\/div>\n<p>Dirigida por Mario Romero, la murga \u201cLos Reventados del Ritmo\u201d cuenta en la actualidad con m\u00e1s de 30 integrantes. En vigencia y continuo crecimiento, la agrupaci\u00f3n ha sabido representar a Necochea en distintas partes del pa\u00eds desde la fecha de su fundaci\u00f3n, el 22 de agosto de 2012.<\/p>\n","protected":false},"excerpt":{"rendered":"<p>En la tarde del pasado s\u00e1bado, la murga \u201cLos Reventados del Ritmo\u201d celebr\u00f3 sus primeros diez a\u00f1os de vida con un festejo organizado en conjunto con la Direcci\u00f3n de Cultura municipal que nucle\u00f3 a una decena de elencos y artistas en un escenario especialmente montado en la Plaza Dardo Rocha. Con un sol resplandeciente como [&hellip;]<\/p>\n","protected":false},"author":3,"featured_media":92614,"comment_status":"closed","ping_status":"closed","sticky":false,"template":"","format":"standard","meta":{"footnotes":""},"categories":[3],"tags":[],"class_list":["post-92613","post","type-post","status-publish","format-standard","has-post-thumbnail","category-masnoticias"],"_links":{"self":[{"href":"https:\/\/primicias2262.com\/noticias\/wp-json\/wp\/v2\/posts\/92613","targetHints":{"allow":["GET"]}}],"collection":[{"href":"https:\/\/primicias2262.com\/noticias\/wp-json\/wp\/v2\/posts"}],"about":[{"href":"https:\/\/primicias2262.com\/noticias\/wp-json\/wp\/v2\/types\/post"}],"author":[{"embeddable":true,"href":"https:\/\/primicias2262.com\/noticias\/wp-json\/wp\/v2\/users\/3"}],"replies":[{"embeddable":true,"href":"https:\/\/primicias2262.com\/noticias\/wp-json\/wp\/v2\/comments?post=92613"}],"version-history":[{"count":0,"href":"https:\/\/primicias2262.com\/noticias\/wp-json\/wp\/v2\/posts\/92613\/revisions"}],"wp:attachment":[{"href":"https:\/\/primicias2262.com\/noticias\/wp-json\/wp\/v2\/media?parent=92613"}],"wp:term":[{"taxonomy":"category","embeddable":true,"href":"https:\/\/primicias2262.com\/noticias\/wp-json\/wp\/v2\/categories?post=92613"},{"taxonomy":"post_tag","embeddable":true,"href":"https:\/\/primicias2262.com\/noticias\/wp-json\/wp\/v2\/tags?post=92613"}],"curies":[{"name":"wp","href":"https:\/\/api.w.org\/{rel}","templated":true}]}}