{"id":92616,"date":"2022-08-15T15:39:55","date_gmt":"2022-08-15T18:39:55","guid":{"rendered":"https:\/\/primicias2262.com\/?p=92616"},"modified":"2022-08-15T15:39:55","modified_gmt":"2022-08-15T18:39:55","slug":"el-quirofano-movil-castra-a-unas-30-mascotas-por-dia-y-ahora-esta-en-el-corralon-municipal","status":"publish","type":"post","link":"https:\/\/primicias2262.com\/noticias\/el-quirofano-movil-castra-a-unas-30-mascotas-por-dia-y-ahora-esta-en-el-corralon-municipal\/","title":{"rendered":"El Quir\u00f3fano M\u00f3vil castra a unas 30 mascotas por d\u00eda y ahora est\u00e1  en el Corral\u00f3n Municipal"},"content":{"rendered":"<p>As\u00ed lo inform\u00f3 uno de los integrantes de Bromatolog\u00eda e Higiene de la comuna, Gustavo Fuhr, quien en la ma\u00f1ana de \u201cVoces de la Ciudad\u201d record\u00f3 que el \u00e1rea funciona junto al Corral\u00f3n Municipal en 43 y 62.<\/p>\n<p>Ser\u00e1 precisamente all\u00ed donde el Quir\u00f3fano M\u00f3vil de castraciones estar\u00e1 ubicado durante todo agosto, y en di\u00e1logo con el periodista Jorge G\u00f3mez manifest\u00f3 que \u201caprovechamos tambi\u00e9n para hacerle tareas de mantenimiento al carro, que en septiembre estar\u00e1 ubicado en el Hogar Raimondi, en 75 entre 2 y 4\u201d.<\/p>\n<p>Con respecto al servicio de castraciones, notific\u00f3 que \u201cel horario es a partir de las 8 que empiezan las veterinarias y el personal auxiliar, hasta las 13, y se llevan a cabo alrededor de 30 castraciones por d\u00eda\u201d, para aclarar que \u201cpor ahora se est\u00e1n sacando los turnos ac\u00e1 de forma presencial, pero estamos trabajando la manera de que se saquen v\u00eda telef\u00f3nica o por WhatsApp, o alg\u00fan link virtual que ya daremos a conocer\u201d.<\/p>\n<p>Finalmente, Fuhr record\u00f3 algunas medidas pre quir\u00fargicas que tienen que ver para cuando la gente viene con los animales: \u201cel animal debe tener 12 horas de ayuno y estar con bozal y correa; y jaula para los gatos o mochila de contenci\u00f3n, mientras que para el post quir\u00fargico, una manta de abrigo\u201d, sintetiz\u00f3<\/p>\n","protected":false},"excerpt":{"rendered":"<p>As\u00ed lo inform\u00f3 uno de los integrantes de Bromatolog\u00eda e Higiene de la comuna, Gustavo Fuhr, quien en la ma\u00f1ana de \u201cVoces de la Ciudad\u201d record\u00f3 que el \u00e1rea funciona junto al Corral\u00f3n Municipal en 43 y 62. Ser\u00e1 precisamente all\u00ed donde el Quir\u00f3fano M\u00f3vil de castraciones estar\u00e1 ubicado durante todo agosto, y en di\u00e1logo [&hellip;]<\/p>\n","protected":false},"author":3,"featured_media":92617,"comment_status":"closed","ping_status":"closed","sticky":false,"template":"","format":"standard","meta":{"footnotes":""},"categories":[6],"tags":[],"class_list":{"0":"post-92616","1":"post","2":"type-post","3":"status-publish","4":"format-standard","5":"has-post-thumbnail","7":"category-portada2"},"_links":{"self":[{"href":"https:\/\/primicias2262.com\/noticias\/wp-json\/wp\/v2\/posts\/92616","targetHints":{"allow":["GET"]}}],"collection":[{"href":"https:\/\/primicias2262.com\/noticias\/wp-json\/wp\/v2\/posts"}],"about":[{"href":"https:\/\/primicias2262.com\/noticias\/wp-json\/wp\/v2\/types\/post"}],"author":[{"embeddable":true,"href":"https:\/\/primicias2262.com\/noticias\/wp-json\/wp\/v2\/users\/3"}],"replies":[{"embeddable":true,"href":"https:\/\/primicias2262.com\/noticias\/wp-json\/wp\/v2\/comments?post=92616"}],"version-history":[{"count":0,"href":"https:\/\/primicias2262.com\/noticias\/wp-json\/wp\/v2\/posts\/92616\/revisions"}],"wp:featuredmedia":[{"embeddable":true,"href":"https:\/\/primicias2262.com\/noticias\/wp-json\/"}],"wp:attachment":[{"href":"https:\/\/primicias2262.com\/noticias\/wp-json\/wp\/v2\/media?parent=92616"}],"wp:term":[{"taxonomy":"category","embeddable":true,"href":"https:\/\/primicias2262.com\/noticias\/wp-json\/wp\/v2\/categories?post=92616"},{"taxonomy":"post_tag","embeddable":true,"href":"https:\/\/primicias2262.com\/noticias\/wp-json\/wp\/v2\/tags?post=92616"}],"curies":[{"name":"wp","href":"https:\/\/api.w.org\/{rel}","templated":true}]}}