{"id":92622,"date":"2022-08-15T16:53:48","date_gmt":"2022-08-15T19:53:48","guid":{"rendered":"https:\/\/primicias2262.com\/?p=92622"},"modified":"2022-08-15T16:53:48","modified_gmt":"2022-08-15T19:53:48","slug":"tenemos-jovenes-gobernantes-portenos-que-han-venido-a-hacer-su-pasantia-en-la-provincia","status":"publish","type":"post","link":"https:\/\/primicias2262.com\/noticias\/tenemos-jovenes-gobernantes-portenos-que-han-venido-a-hacer-su-pasantia-en-la-provincia\/","title":{"rendered":"\u201cTenemos j\u00f3venes gobernantes porte\u00f1os que han venido a hacer su pasant\u00eda en la Provincia\u201d"},"content":{"rendered":"<p>De esa forma lo defini\u00f3 el diputado provincial, Alejandro \u201cTopo\u201d Rodr\u00edguez, en tono cr\u00edtico hacia el actual gobernador provincial, Axel Kicillof, y su antecesora Mar\u00eda Eugenia Vidal. El diputado lo hizo mediante una visita al estudio de \u201cVoces de la Ciudad\u201d, donde dialog\u00f3 de todos los \u00e1mbitos de la pol\u00edtica con el periodista Jorge G\u00f3mez.<\/p>\n<p>A la hora de echar la mirada sobre la cuesti\u00f3n provincial, el tandilense no tuvo pelos en la lengua. \u201cTanto con el PRO (por Vidal) como ahora hemos tenido j\u00f3venes gobernantes en la Provincia que han venido a hacer su pasant\u00eda provincial y que se han formado educativamente alrededor del microcentro de la Ciudad de Buenos Aires, pertenecen al mismo c\u00edrculo social de las clases medias altas porte\u00f1as, entonces cuando se encuentran con la Provincia de Buenos Aires les asalta la ansiedad de empezar a conocerla\u201d, comenz\u00f3 expresando.<\/p>\n<p>Por ende, \u201cel problema es que hacen turismo de gobierno con una enorme responsabilidad y les lleva uno o dos a\u00f1os y medio conocerla\u201d, afirm\u00f3, para agregar que \u201csi lo tomaran con humildad uno los podr\u00eda comprender, pero es al rev\u00e9s. Por ejemplo, Kicillof (Axel) dijo que quiere hacer de Buenos Aires una provincia petrolera y yo me pregunto: d\u00f3nde hay petr\u00f3leo en esta provincia, que yo sepa en ning\u00fan lado\u201d.<\/p>\n<p>A\u00f1adi\u00f3 al respecto que \u201cno hay un solo pozo petrolero en Buenos Aires, y yo digo: en vez de hacer una provincia petrolera por qu\u00e9 no alinea definitivamente las pol\u00edticas para que la agroindustria de la provincia tenga el lugar que se merece y la econom\u00eda del conocimiento. Tenemos que exigirles a los gobernantes que alineen las propuestas con lo que es la realidad de la Provincia\u201d.<\/p>\n","protected":false},"excerpt":{"rendered":"<p>De esa forma lo defini\u00f3 el diputado provincial, Alejandro \u201cTopo\u201d Rodr\u00edguez, en tono cr\u00edtico hacia el actual gobernador provincial, Axel Kicillof, y su antecesora Mar\u00eda Eugenia Vidal. El diputado lo hizo mediante una visita al estudio de \u201cVoces de la Ciudad\u201d, donde dialog\u00f3 de todos los \u00e1mbitos de la pol\u00edtica con el periodista Jorge G\u00f3mez. [&hellip;]<\/p>\n","protected":false},"author":3,"featured_media":92623,"comment_status":"closed","ping_status":"closed","sticky":false,"template":"","format":"standard","meta":{"footnotes":""},"categories":[3],"tags":[],"class_list":["post-92622","post","type-post","status-publish","format-standard","has-post-thumbnail","category-masnoticias"],"_links":{"self":[{"href":"https:\/\/primicias2262.com\/noticias\/wp-json\/wp\/v2\/posts\/92622","targetHints":{"allow":["GET"]}}],"collection":[{"href":"https:\/\/primicias2262.com\/noticias\/wp-json\/wp\/v2\/posts"}],"about":[{"href":"https:\/\/primicias2262.com\/noticias\/wp-json\/wp\/v2\/types\/post"}],"author":[{"embeddable":true,"href":"https:\/\/primicias2262.com\/noticias\/wp-json\/wp\/v2\/users\/3"}],"replies":[{"embeddable":true,"href":"https:\/\/primicias2262.com\/noticias\/wp-json\/wp\/v2\/comments?post=92622"}],"version-history":[{"count":0,"href":"https:\/\/primicias2262.com\/noticias\/wp-json\/wp\/v2\/posts\/92622\/revisions"}],"wp:attachment":[{"href":"https:\/\/primicias2262.com\/noticias\/wp-json\/wp\/v2\/media?parent=92622"}],"wp:term":[{"taxonomy":"category","embeddable":true,"href":"https:\/\/primicias2262.com\/noticias\/wp-json\/wp\/v2\/categories?post=92622"},{"taxonomy":"post_tag","embeddable":true,"href":"https:\/\/primicias2262.com\/noticias\/wp-json\/wp\/v2\/tags?post=92622"}],"curies":[{"name":"wp","href":"https:\/\/api.w.org\/{rel}","templated":true}]}}