{"id":92644,"date":"2022-08-16T12:17:33","date_gmt":"2022-08-16T15:17:33","guid":{"rendered":"https:\/\/primicias2262.com\/?p=92644"},"modified":"2022-08-16T12:17:33","modified_gmt":"2022-08-16T15:17:33","slug":"dos-subcampeonatos-para-la-escuela-municipal-de-atletismo-en-el-provincial-u23","status":"publish","type":"post","link":"https:\/\/primicias2262.com\/noticias\/dos-subcampeonatos-para-la-escuela-municipal-de-atletismo-en-el-provincial-u23\/","title":{"rendered":"Dos subcampeonatos para la Escuela Municipal de Atletismo en el Provincial U23"},"content":{"rendered":"<p>Pas\u00f3 otro fin de semana exitoso para la Escuela Municipal de Atletismo en el Estadio \u201cJusto E. Rom\u00e1n\u201d de Mar del Plata, donde se lograron dos subcampeonatos en el Provincial U23 y con el joven Santino Marchetti como figura destacada, ya que fue 2\u00ba en los 800 metros llanos y se gan\u00f3 el pasaje directo al Campeonato Nacional de la categor\u00eda a realizarse en Posadas, Misiones.<\/p>\n<p>El entrenado por el Prof. Mauro Cabrera adem\u00e1s logr\u00f3 el subcampeonato con su mejor marca personal de 1.56.71 en los 800 llanos, mientras \u00a0que la segunda medalla de Plata para la delegaci\u00f3n necochense lleg\u00f3 de la mano de la posta 4 x 400 integrada por el propio Marchetti con Facundo Muguiro, Francisco Ripamonti, y Tomas Ben\u00edtez. El cuarteto logr\u00f3 un crono de 3.36.86 para subirse a un podio que tuvo a Mar del Plata en primer lugar y a Campana en el tercero.<\/p>\n<p><strong>Performances individuales<\/strong><\/p>\n<p>La delegaci\u00f3n municipal que viaj\u00f3 el \u00faltimo fin de semana, dependiente de la Direcci\u00f3n de Deportes, a cargo de Guadalupe Hern\u00e1ndez, se complet\u00f3 adem\u00e1s con las presencias de Agust\u00edn Dos Santos, Agust\u00edn Montero y Verina Vezzi.<\/p>\n<p>-Tom\u00e1s Ben\u00edtez fue 4\u00ba en la final de los 3000 metros con obst\u00e1culos con un tiempo de 10.22.63, a pocos segundos de la marca m\u00ednima referencial para clasificar al nacional (10.22) y quedando a la espera de un lugar habilitante para el mismo.<\/p>\n<p>-Agust\u00edn Dos Santos fue 5\u00ba en la final de los 10.000 metros quedando a solo segundos de alcanzar no solo su mejor marca personal, sino tambi\u00e9n un escal\u00f3n del podio, completando el recorrido con un crono de 36.30.69. El domingo en los 5000 metros llanos logr\u00f3 su mejor marca personal de 17.13.05 con la cual ocup\u00f3 tambi\u00e9n el quinto lugar en la final.<\/p>\n<p>-Verina Vezzi en los 1500 metros fue 5\u00ba en la final, tambi\u00e9n logrando su mejor marca personal 5.22.31 en la distancia y el domingo fue 4\u00ba en la final de los 5000 metros llanos, tambi\u00e9n con su mejor marca personal de 20.47.51 para completar la prueba.<\/p>\n<p>-Facundo Muguiro, quien viene de ser medallista en Resistencia, Chaco, en el marco del Campeonato Nacional U18 y finalista de los Juegos Bonaerenses, particip\u00f3 de las series de los 100 metros llanos donde fue 5\u00ba con un tiempo de 11.92 y en los 200 metros llanos logr\u00f3 ser finalista ubic\u00e1ndose entre los mejores 8 velocistas de la provincia de Buenos Aires, con un crono de 24.58 para cerrar una semana cargada de competencias.<\/p>\n<p>-Francisco Ripamonti volvi\u00f3 a la competencia y particip\u00f3 de las series de los 400 metros llanos donde fue 3\u00ba con un tiempo de 54.78.<\/p>\n<p>-Agust\u00edn Montero particip\u00f3 de los 5000 metros llanos donde sali\u00f3 10\u00ba con un tiempo de 19.36.00 y fue de la partida en los 10.000 metros llanos, donde no logr\u00f3 completar la prueba.<\/p>\n","protected":false},"excerpt":{"rendered":"<p>Pas\u00f3 otro fin de semana exitoso para la Escuela Municipal de Atletismo en el Estadio \u201cJusto E. Rom\u00e1n\u201d de Mar del Plata, donde se lograron dos subcampeonatos en el Provincial U23 y con el joven Santino Marchetti como figura destacada, ya que fue 2\u00ba en los 800 metros llanos y se gan\u00f3 el pasaje directo [&hellip;]<\/p>\n","protected":false},"author":3,"featured_media":92645,"comment_status":"closed","ping_status":"closed","sticky":false,"template":"","format":"standard","meta":{"footnotes":""},"categories":[3],"tags":[],"class_list":["post-92644","post","type-post","status-publish","format-standard","has-post-thumbnail","category-masnoticias"],"_links":{"self":[{"href":"https:\/\/primicias2262.com\/noticias\/wp-json\/wp\/v2\/posts\/92644","targetHints":{"allow":["GET"]}}],"collection":[{"href":"https:\/\/primicias2262.com\/noticias\/wp-json\/wp\/v2\/posts"}],"about":[{"href":"https:\/\/primicias2262.com\/noticias\/wp-json\/wp\/v2\/types\/post"}],"author":[{"embeddable":true,"href":"https:\/\/primicias2262.com\/noticias\/wp-json\/wp\/v2\/users\/3"}],"replies":[{"embeddable":true,"href":"https:\/\/primicias2262.com\/noticias\/wp-json\/wp\/v2\/comments?post=92644"}],"version-history":[{"count":0,"href":"https:\/\/primicias2262.com\/noticias\/wp-json\/wp\/v2\/posts\/92644\/revisions"}],"wp:attachment":[{"href":"https:\/\/primicias2262.com\/noticias\/wp-json\/wp\/v2\/media?parent=92644"}],"wp:term":[{"taxonomy":"category","embeddable":true,"href":"https:\/\/primicias2262.com\/noticias\/wp-json\/wp\/v2\/categories?post=92644"},{"taxonomy":"post_tag","embeddable":true,"href":"https:\/\/primicias2262.com\/noticias\/wp-json\/wp\/v2\/tags?post=92644"}],"curies":[{"name":"wp","href":"https:\/\/api.w.org\/{rel}","templated":true}]}}