{"id":92647,"date":"2022-08-16T12:23:35","date_gmt":"2022-08-16T15:23:35","guid":{"rendered":"https:\/\/primicias2262.com\/?p=92647"},"modified":"2022-08-16T12:23:35","modified_gmt":"2022-08-16T15:23:35","slug":"abrieron-la-inscripcion-de-los-cursos-para-obtener-la-libreta-de-embarco","status":"publish","type":"post","link":"https:\/\/primicias2262.com\/noticias\/abrieron-la-inscripcion-de-los-cursos-para-obtener-la-libreta-de-embarco\/","title":{"rendered":"Abrieron la inscripci\u00f3n de los cursos para obtener la libreta de embarco"},"content":{"rendered":"<p>Se encuentra abierta la inscripci\u00f3n de los cursos habilitantes para obtener la libreta de<br \/>\nembarco para desempe\u00f1arse en la Marina Mercante.<\/p>\n<p>En este sentido, las EFOCAPEMM (Escuelas de Formaci\u00f3n y Capacitaci\u00f3n para el<br \/>\nPersonal Embarcado de la Marina Mercante) dictan los siguientes cursos, a los cuales<br \/>\nlos interesados se pueden inscribir hasta el 25 de noviembre inclusive:<\/p>\n<p>\uf0b7 Marinero (ocho meses de duraci\u00f3n).<br \/>\n\uf0b7 Auxiliar de M\u00e1quinas Navales (ocho meses de duraci\u00f3n).<br \/>\n\uf0b7 Empleos sin Requisitos de Capacitaci\u00f3n (camareros, cocineros o enfermeros).<\/p>\n<p>En este caso deber\u00e1n presentar para su inscripci\u00f3n certificado que acredite<br \/>\nidoneidad en la especialidad, o certificaci\u00f3n de trabajo en tareas afines por un<br \/>\nper\u00edodo no menor a un a\u00f1o, en la especialidad solicitada. (cuatro meses de<br \/>\nduraci\u00f3n)<\/p>\n<p><strong>REQUISITOS DE INSCRIPCION<\/strong><br \/>\n\uf0b7 Tener 18 a\u00f1os cumplidos al 31 de diciembre del a\u00f1o de inscripci\u00f3n (al 31 de<br \/>\ndiciembre de 2021)<br \/>\n\uf0b7 Menores de 18, no emancipados, presentaran autorizaci\u00f3n firmada por el padre,<br \/>\nmadre o tutor legal.<br \/>\n\uf0b7 Certificado de estudio. Presentar original (con las correspondientes legalizaciones) y<br \/>\nfotocopia color (certificada por Secretario y\/o Director\/a o Rector\/a de la instituci\u00f3n<br \/>\ndonde termino sus estudios) del t\u00edtulo y certificado anal\u00edtico de estudios.<\/p>\n<p>En caso de estar en tr\u00e1mite presentar Constancia de Titulo en Tramite original firmada por el secretario y director o regente de la instituci\u00f3n emisora, donde conste que el alumno no<br \/>\nadeuda materias.<\/p>\n<p>\uf0b7 Los certificados emitidos antes del 01\/01\/2010 deber\u00e1n ser legalizados por la<br \/>\nautoridad educativa jurisdiccional y por la Direcci\u00f3n de Informaci\u00f3n al P\u00fablico<br \/>\ndependiente del Ministerio del Interior, Obras Publicas y Viviendas de la Naci\u00f3n.<\/p>\n<p>\uf0b7 Los certificados emitidos por el sistema federal de t\u00edtulos a partir del 01\/01\/2010<br \/>\nquedan exceptuados de la legalizaci\u00f3n del Ministerio del Interior. El interesado deber\u00e1<br \/>\npresentarlo ante el \u00e1rea de t\u00edtulos de la jurisdicci\u00f3n que se encuentre (\u00e1rea de<br \/>\nlegalizaci\u00f3n del Ministerio de Educaci\u00f3n Provincial).<\/p>\n<p>\uf0b7 Los certificados de estudios de nivel de educaci\u00f3n secundaria y superior, acorde<br \/>\nresoluci\u00f3n CFE N\u00b0 328\/17 del consejo Federal de educaci\u00f3n, a partir de la utilizaci\u00f3n<br \/>\nde las planillas serie 2017, del sistema federal de t\u00edtulos ( 1\u00b0 de noviembre de 2017-31<br \/>\nde diciembre de 2018), siendo el documento correspondiente, un certificado \u00fanico<br \/>\n(anal\u00edtico).<\/p>\n<p>\uf0b7 En caso de haber realizado sus estudios de educaci\u00f3n secundaria en el extranjero,<br \/>\ndeber\u00e1 convalidarlos ante la Direcci\u00f3n de Validez Nacional de T\u00edtulos y Estudios<br \/>\ndependiente del ministerio de Educaci\u00f3n y Deportes de la Naci\u00f3n (Montevideo 950PB,<br \/>\nCiudad Aut\u00f3noma de Buenos Aires)<\/p>\n<p>\uf0b7 En el caso de que se encuentren cursando el \u00faltimo a\u00f1o de estudio secundario<br \/>\ndeber\u00e1n presentar al inscribirse constancia de alumno regular firmada por el\/la<br \/>\nsecretario\/a y director\/rector\/a del establecimiento donde cursa sus estudios quienes<br \/>\ndeber\u00e1n certificar que el \/la postulante no adeuda materias de a\u00f1os anteriores antes del<br \/>\n23 de diciembre (inicio del proceso de selecci\u00f3n) el postulante deber\u00e1 presentar<br \/>\nconstancia que certifique que ha finalizado los estudios secundarios no adeudando<br \/>\nmaterias el cual deber\u00e1 ser firmado por la m\u00e1xima autoridad del establecimiento<br \/>\neducativo si resultara seleccionado deber\u00e1 presentar constancia de t\u00edtulo en tr\u00e1mite.<\/p>\n<p>\uf0b7 Certificado de antecedentes.<br \/>\n\uf0b7 Tres (3) fotos tipo carnet de frente a color con fondo celeste de 4 x 4 cent\u00edmetros.<br \/>\n\uf0b7 Una fotocopia del DNI.<br \/>\n\uf0b7 Llenar Solicitud de inscripci\u00f3n.<br \/>\n\uf0b7 Una carpeta y un folio pl\u00e1sticos tama\u00f1o A4.<\/p>\n<p>Las inscripciones se efectuar\u00e1n en la Escuela de la Marina Mercante con turnos previos<br \/>\nal tel\u00e9fono (02262) 450514 de Lunes a Viernes de 08:00 a 12:30 hs.<\/p>\n","protected":false},"excerpt":{"rendered":"<p>Se encuentra abierta la inscripci\u00f3n de los cursos habilitantes para obtener la libreta de embarco para desempe\u00f1arse en la Marina Mercante. En este sentido, las EFOCAPEMM (Escuelas de Formaci\u00f3n y Capacitaci\u00f3n para el Personal Embarcado de la Marina Mercante) dictan los siguientes cursos, a los cuales los interesados se pueden inscribir hasta el 25 de [&hellip;]<\/p>\n","protected":false},"author":3,"featured_media":92648,"comment_status":"closed","ping_status":"closed","sticky":false,"template":"","format":"standard","meta":{"footnotes":""},"categories":[3],"tags":[],"class_list":["post-92647","post","type-post","status-publish","format-standard","has-post-thumbnail","category-masnoticias"],"_links":{"self":[{"href":"https:\/\/primicias2262.com\/noticias\/wp-json\/wp\/v2\/posts\/92647","targetHints":{"allow":["GET"]}}],"collection":[{"href":"https:\/\/primicias2262.com\/noticias\/wp-json\/wp\/v2\/posts"}],"about":[{"href":"https:\/\/primicias2262.com\/noticias\/wp-json\/wp\/v2\/types\/post"}],"author":[{"embeddable":true,"href":"https:\/\/primicias2262.com\/noticias\/wp-json\/wp\/v2\/users\/3"}],"replies":[{"embeddable":true,"href":"https:\/\/primicias2262.com\/noticias\/wp-json\/wp\/v2\/comments?post=92647"}],"version-history":[{"count":0,"href":"https:\/\/primicias2262.com\/noticias\/wp-json\/wp\/v2\/posts\/92647\/revisions"}],"wp:attachment":[{"href":"https:\/\/primicias2262.com\/noticias\/wp-json\/wp\/v2\/media?parent=92647"}],"wp:term":[{"taxonomy":"category","embeddable":true,"href":"https:\/\/primicias2262.com\/noticias\/wp-json\/wp\/v2\/categories?post=92647"},{"taxonomy":"post_tag","embeddable":true,"href":"https:\/\/primicias2262.com\/noticias\/wp-json\/wp\/v2\/tags?post=92647"}],"curies":[{"name":"wp","href":"https:\/\/api.w.org\/{rel}","templated":true}]}}