{"id":92657,"date":"2022-08-16T16:15:30","date_gmt":"2022-08-16T19:15:30","guid":{"rendered":"https:\/\/primicias2262.com\/?p=92657"},"modified":"2022-08-16T16:15:30","modified_gmt":"2022-08-16T19:15:30","slug":"gas-y-electricidad-el-aumento-promedio-va-a-estar-alrededor-de-1-200","status":"publish","type":"post","link":"https:\/\/primicias2262.com\/noticias\/gas-y-electricidad-el-aumento-promedio-va-a-estar-alrededor-de-1-200\/","title":{"rendered":"Gas y electricidad: el aumento promedio \u00abva a estar alrededor de $1.200\u00bb"},"content":{"rendered":"<p>El Gobierno anunci\u00f3 la\u00a0<strong>segmentaci\u00f3n tarifaria de los servicios de distribuci\u00f3n de energ\u00eda el\u00e9ctrica, gas natural y agua corriente<\/strong>, con el que se espera alcanzar un ahorro fiscal cercano al medio bill\u00f3n de pesos en 2023.<\/p>\n<p>En una conferencia de prensa, la secretaria de Energ\u00eda, Flavia Roy\u00f3n, precis\u00f3 que en lo que resta de 2022 \u00abel ahorro fiscal en materia de energ\u00eda el\u00e9ctrica y gas ser\u00e1 de $ 47.500 millones y anualizado de $ 455.000 millones\u00bb, en tanto la presidente de AySA, Malena Galmarini, se\u00f1al\u00f3 que en el caso de esta empresa ser\u00e1 este a\u00f1o de $ 2.000 millones y de $ 45.000 millones para el a\u00f1o pr\u00f3ximo.<\/p>\n<p><strong>C\u00f3mo ser\u00e1 la segmentaci\u00f3n<\/strong><\/p>\n<p>La segmentaci\u00f3n respeta el criterio fijado en el decreto 332\/2022, por el que\u00a0<strong>se establecen tres niveles de usuarios\u00a0<\/strong>seg\u00fan su capacidad econ\u00f3mica, que pasar\u00e1 a complementarse con el\u00a0<strong>criterio establecido seg\u00fan niveles de consumo.<\/strong><\/p>\n<p>En el caso de la energ\u00eda el\u00e9ctrica\u00a0<strong>el tope de consumo ser\u00e1 de 400 kwh mensuales<\/strong>\u00a0(550 kwh en zonas sin servicio de gas de red) y en el caso del gas ser\u00e1 variable, seg\u00fan categor\u00edas y subzonas en todo el pa\u00eds.<\/p>\n<p>Seg\u00fan el subsecretario de Hidrocarburos, Federico Bernal, el tope se fijar\u00e1 tomando como referencia \u00abel volumen equivalente al 70% del promedio entre los umbrales m\u00ednimo y m\u00e1ximo de cada categor\u00eda\u00bb, mientras el 30% excedente quedar\u00eda exento de subsidios, que se quitar\u00e1n de manera escalonada hasta completar el 167% del precio mayorista del gas.<\/p>\n<p>\u00abNo es un aumento de tarifas sino una redistribuci\u00f3n de subsidios\u00bb, puntualiz\u00f3 Roy\u00f3n, quien remarc\u00f3 la importancia de \u00abinstalar la educaci\u00f3n del uso sustentable y racional\u00bb de los recursos de los tres servicios involucrados.<\/p>\n<p><strong>Ejemplos<\/strong><\/p>\n<p>Con ese criterio, los diferentes funcionarios dieron a conocer diferentes ejemplos de c\u00f3mo quedar\u00edan los valores en las facturas, advirtiendo que\u00a0<strong>al tratarse de una quita de subsidios sobre excedentes de consumo, no puede establecerse un porcentaje general.<\/strong><\/p>\n<p>Bernal indic\u00f3 que un usuario de nivel 3 (sectores medios) que en junio abon\u00f3 una factura de gas de $ 1.650, al final de la quita gradual del subsidio pagar\u00e1 $ 2.146, lo que implica un ajuste del 30,06%<\/p>\n<p>El subsecretario de Energ\u00eda El\u00e9ctrica, Santiago Yanotti, indic\u00f3 que para un usuario de Edesur con un consumo medio de 300 kwh, el monto sin impuestos pasar\u00e1 de $ 1.467 a $ 2.285, con un ajuste del 55,76% al finalizar la tercera etapa de incremento.<\/p>\n<p>Por su parte, Galmarini se\u00f1al\u00f3 que para el promedio de usuarios residenciales, la tarifa de octubre de 2022 de $ 752 pasar\u00e1 a $ 1.765 en junio de 2023, con un ajuste del 134,7%.<\/p>\n<p>&nbsp;<\/p>\n","protected":false},"excerpt":{"rendered":"<p>El Gobierno anunci\u00f3 la\u00a0segmentaci\u00f3n tarifaria de los servicios de distribuci\u00f3n de energ\u00eda el\u00e9ctrica, gas natural y agua corriente, con el que se espera alcanzar un ahorro fiscal cercano al medio bill\u00f3n de pesos en 2023. En una conferencia de prensa, la secretaria de Energ\u00eda, Flavia Roy\u00f3n, precis\u00f3 que en lo que resta de 2022 \u00abel [&hellip;]<\/p>\n","protected":false},"author":3,"featured_media":92658,"comment_status":"closed","ping_status":"closed","sticky":false,"template":"","format":"standard","meta":{"footnotes":""},"categories":[3],"tags":[],"class_list":["post-92657","post","type-post","status-publish","format-standard","has-post-thumbnail","category-masnoticias"],"_links":{"self":[{"href":"https:\/\/primicias2262.com\/noticias\/wp-json\/wp\/v2\/posts\/92657","targetHints":{"allow":["GET"]}}],"collection":[{"href":"https:\/\/primicias2262.com\/noticias\/wp-json\/wp\/v2\/posts"}],"about":[{"href":"https:\/\/primicias2262.com\/noticias\/wp-json\/wp\/v2\/types\/post"}],"author":[{"embeddable":true,"href":"https:\/\/primicias2262.com\/noticias\/wp-json\/wp\/v2\/users\/3"}],"replies":[{"embeddable":true,"href":"https:\/\/primicias2262.com\/noticias\/wp-json\/wp\/v2\/comments?post=92657"}],"version-history":[{"count":0,"href":"https:\/\/primicias2262.com\/noticias\/wp-json\/wp\/v2\/posts\/92657\/revisions"}],"wp:attachment":[{"href":"https:\/\/primicias2262.com\/noticias\/wp-json\/wp\/v2\/media?parent=92657"}],"wp:term":[{"taxonomy":"category","embeddable":true,"href":"https:\/\/primicias2262.com\/noticias\/wp-json\/wp\/v2\/categories?post=92657"},{"taxonomy":"post_tag","embeddable":true,"href":"https:\/\/primicias2262.com\/noticias\/wp-json\/wp\/v2\/tags?post=92657"}],"curies":[{"name":"wp","href":"https:\/\/api.w.org\/{rel}","templated":true}]}}