{"id":92675,"date":"2022-08-17T12:05:36","date_gmt":"2022-08-17T15:05:36","guid":{"rendered":"https:\/\/primicias2262.com\/?p=92675"},"modified":"2022-08-17T12:05:36","modified_gmt":"2022-08-17T15:05:36","slug":"reconocen-como-de-jornada-completa-a-dos-escuelas-primarias-de-necochea","status":"publish","type":"post","link":"https:\/\/primicias2262.com\/noticias\/reconocen-como-de-jornada-completa-a-dos-escuelas-primarias-de-necochea\/","title":{"rendered":"Reconocen como de jornada completa a dos escuelas primarias de Necochea"},"content":{"rendered":"<p>La titular de la Jefatura de Educaci\u00f3n Reg\u00edon 20, Ana Lidia Marincevic, inform\u00f3 que durante la ma\u00f1ana de este martes, acomapa\u00f1ada por la Jefa Distrital, Soledad Moreno, y los Supervisores Esteban Carraro, Nancy Almassio y Anah\u00ed Lay, visitaron las Escuelas Primarias Nro 6 y Nro 48 de Necochea para dar a conocer a los equipos directivos de esos establecimientos la resoluci\u00f3n que las reconoce como escuelas de jornada completa con Espacios de Profundizaci\u00f3n de Aprendizajes en Arte.<\/p>\n<p>Esa resoluci\u00f3n institucionaliza proyectos construidos junto a sus comunidades, las que han esperado con enorme ansiedad que este gran sue\u00f1o se cumpliera y hoy es una realidad.<\/p>\n<p>Marincevic expres\u00f3 sus felicitaciones a ambas Escuelas y a todos quienes desde la Direcci\u00f3n General de Cultura y Educaci\u00f3n han acompa\u00f1ado este intenso proceso de trabajo que hoy le entrega a Necochea dos nuevas escuelas de jornada completa.<\/p>\n","protected":false},"excerpt":{"rendered":"<p>La titular de la Jefatura de Educaci\u00f3n Reg\u00edon 20, Ana Lidia Marincevic, inform\u00f3 que durante la ma\u00f1ana de este martes, acomapa\u00f1ada por la Jefa Distrital, Soledad Moreno, y los Supervisores Esteban Carraro, Nancy Almassio y Anah\u00ed Lay, visitaron las Escuelas Primarias Nro 6 y Nro 48 de Necochea para dar a conocer a los equipos [&hellip;]<\/p>\n","protected":false},"author":3,"featured_media":92676,"comment_status":"closed","ping_status":"closed","sticky":false,"template":"","format":"standard","meta":{"footnotes":""},"categories":[3],"tags":[],"class_list":["post-92675","post","type-post","status-publish","format-standard","has-post-thumbnail","category-masnoticias"],"_links":{"self":[{"href":"https:\/\/primicias2262.com\/noticias\/wp-json\/wp\/v2\/posts\/92675","targetHints":{"allow":["GET"]}}],"collection":[{"href":"https:\/\/primicias2262.com\/noticias\/wp-json\/wp\/v2\/posts"}],"about":[{"href":"https:\/\/primicias2262.com\/noticias\/wp-json\/wp\/v2\/types\/post"}],"author":[{"embeddable":true,"href":"https:\/\/primicias2262.com\/noticias\/wp-json\/wp\/v2\/users\/3"}],"replies":[{"embeddable":true,"href":"https:\/\/primicias2262.com\/noticias\/wp-json\/wp\/v2\/comments?post=92675"}],"version-history":[{"count":0,"href":"https:\/\/primicias2262.com\/noticias\/wp-json\/wp\/v2\/posts\/92675\/revisions"}],"wp:attachment":[{"href":"https:\/\/primicias2262.com\/noticias\/wp-json\/wp\/v2\/media?parent=92675"}],"wp:term":[{"taxonomy":"category","embeddable":true,"href":"https:\/\/primicias2262.com\/noticias\/wp-json\/wp\/v2\/categories?post=92675"},{"taxonomy":"post_tag","embeddable":true,"href":"https:\/\/primicias2262.com\/noticias\/wp-json\/wp\/v2\/tags?post=92675"}],"curies":[{"name":"wp","href":"https:\/\/api.w.org\/{rel}","templated":true}]}}